{"id":13306,"date":"2019-12-19T20:49:27","date_gmt":"2019-12-19T19:49:27","guid":{"rendered":"http:\/\/daphne.sk\/?p=13306"},"modified":"2022-11-05T18:10:09","modified_gmt":"2022-11-05T18:10:09","slug":"konferencia-sysli-pro-krajinu-krajina-pro-sysly","status":"publish","type":"post","link":"https:\/\/daphne.sk\/de\/konferencia-sysli-pro-krajinu-krajina-pro-sysly\/","title":{"rendered":"Konferencia \u201eSysli pro krajinu, krajina pro sysly\u201c"},"content":{"rendered":"<p>Koncom novembra sa v \u010ceskej republike uskuto\u010dnila konferencia \u201eSysli pro krajinu, krajina pro sysly\u201c. Jej cie\u013eom bolo predstavi\u0165 najnov\u0161ie poznatky o stave a ochrane sys\u013ea pasienkov\u00e9ho v \u010ceskej a Slovenskej republike.<\/p>\n<p>Stretnutie bolo ur\u010den\u00e9 ako pracovn\u00edkom org\u00e1nov ochrany pr\u00edrody a odbornej verejnosti, pracovn\u00edkom environment\u00e1lnej v\u00fdchovy, tak aj miestnym obyvate\u013eom a po\u013enohospod\u00e1rom.<\/p>\n<p>Zborn\u00edk z konferencie si m\u00f4\u017eete stiahnu\u0165 <a href=\"http:\/\/daphne.sk\/wp-content\/uploads\/2013\/12\/Sbornik_abstraktu_konference_sysli.pdf\">TU<\/a>.<\/p>\n<p>Ochrane sys\u013ea v Trnavskom, Tren\u010dianskom a Juhomoravskom kraji sa m\u00f4\u017eeme venova\u0165 v\u010faka projektu \u201eMONITORING A PODPORA POPUL\u00c1CIE SYS\u013dA PASIENKOV\u00c9HO V REGI\u00d3NE SK\/CZ\u201c, financovan\u00e9ho prostredn\u00edctvom programu Interreg V-A Slovensk\u00e1 republika \u2013 \u010cesk\u00e1 republika. Viac inform\u00e1ci\u00ed o projekte n\u00e1jdete <a href=\"http:\/\/daphne.sk\/sk\/ochrana-biodiverzity\/projekty\/sysle-pre-krajinu-krajina-pre-sysle\/?fbclid=IwAR2LAR9m_mSFa_RRqrRYjDN04C-RGLgU57Zn-2uayMC-5XLKs_lu9vrmEnU\">TU<\/a>.  <\/p>\n","protected":false},"excerpt":{"rendered":"<p>Koncom novembra sa v \u010ceskej republike uskuto\u010dnila konferencia \u201eSysli pro krajinu, krajina pro sysly\u201c. Jej cie\u013eom bolo predstavi\u0165 najnov\u0161ie poznatky o stave a ochrane sys\u013ea pasienkov\u00e9ho v \u010ceskej a Slovenskej republike. Stretnutie bolo ur\u010den\u00e9 ako pracovn\u00edkom org\u00e1nov ochrany pr\u00edrody a odbornej verejnosti, pracovn\u00edkom environment\u00e1lnej v\u00fdchovy, tak aj miestnym obyvate\u013eom a po\u013enohospod\u00e1rom. Zborn\u00edk z konferencie si<\/p>\n","protected":false},"author":1,"featured_media":11684,"comment_status":"closed","ping_status":"open","sticky":false,"template":"","format":"standard","meta":{"_uag_custom_page_level_css":"","_jetpack_memberships_contains_paid_content":false,"footnotes":""},"categories":[1,3],"tags":[],"kategoria-bigling":[],"class_list":["post-13306","post","type-post","status-publish","format-standard","has-post-thumbnail","hentry","category-uncategorized","category-aktuality"],"jetpack_featured_media_url":"https:\/\/daphne.sk\/wp-content\/uploads\/2018\/08\/P1020260_v2-1.jpg","uagb_featured_image_src":{"full":["https:\/\/daphne.sk\/wp-content\/uploads\/2018\/08\/P1020260_v2-1.jpg",1280,960,false],"thumbnail":["https:\/\/daphne.sk\/wp-content\/uploads\/2018\/08\/P1020260_v2-1-150x150.jpg",150,150,true],"medium":["https:\/\/daphne.sk\/wp-content\/uploads\/2018\/08\/P1020260_v2-1-300x225.jpg",300,225,true],"medium_large":["https:\/\/daphne.sk\/wp-content\/uploads\/2018\/08\/P1020260_v2-1-768x576.jpg",768,576,true],"large":["https:\/\/daphne.sk\/wp-content\/uploads\/2018\/08\/P1020260_v2-1-1024x768.jpg",1024,768,true],"1536x1536":["https:\/\/daphne.sk\/wp-content\/uploads\/2018\/08\/P1020260_v2-1.jpg",1280,960,false],"2048x2048":["https:\/\/daphne.sk\/wp-content\/uploads\/2018\/08\/P1020260_v2-1.jpg",1280,960,false],"woocommerce_thumbnail":["https:\/\/daphne.sk\/wp-content\/uploads\/2018\/08\/P1020260_v2-1-450x450.jpg",450,450,true]},"uagb_author_info":{"display_name":"admin","author_link":"https:\/\/daphne.sk\/de\/author\/admin\/"},"uagb_comment_info":0,"uagb_excerpt":"Koncom novembra sa v \u010ceskej republike uskuto\u010dnila konferencia \u201eSysli pro krajinu, krajina pro sysly\u201c. Jej cie\u013eom bolo predstavi\u0165 najnov\u0161ie poznatky o stave a ochrane sys\u013ea pasienkov\u00e9ho v \u010ceskej a Slovenskej republike. Stretnutie bolo ur\u010den\u00e9 ako pracovn\u00edkom org\u00e1nov ochrany pr\u00edrody a odbornej verejnosti, pracovn\u00edkom environment\u00e1lnej v\u00fdchovy, tak aj miestnym obyvate\u013eom a po\u013enohospod\u00e1rom. Zborn\u00edk z konferencie si","jetpack_sharing_enabled":true,"meta_box":{"canky":false,"feature_image_off":""},"_links":{"self":[{"href":"https:\/\/daphne.sk\/de\/wp-json\/wp\/v2\/posts\/13306","targetHints":{"allow":["GET"]}}],"collection":[{"href":"https:\/\/daphne.sk\/de\/wp-json\/wp\/v2\/posts"}],"about":[{"href":"https:\/\/daphne.sk\/de\/wp-json\/wp\/v2\/types\/post"}],"author":[{"embeddable":true,"href":"https:\/\/daphne.sk\/de\/wp-json\/wp\/v2\/users\/1"}],"replies":[{"embeddable":true,"href":"https:\/\/daphne.sk\/de\/wp-json\/wp\/v2\/comments?post=13306"}],"version-history":[{"count":1,"href":"https:\/\/daphne.sk\/de\/wp-json\/wp\/v2\/posts\/13306\/revisions"}],"predecessor-version":[{"id":20437,"href":"https:\/\/daphne.sk\/de\/wp-json\/wp\/v2\/posts\/13306\/revisions\/20437"}],"wp:featuredmedia":[{"embeddable":true,"href":"https:\/\/daphne.sk\/de\/wp-json\/wp\/v2\/media\/11684"}],"wp:attachment":[{"href":"https:\/\/daphne.sk\/de\/wp-json\/wp\/v2\/media?parent=13306"}],"wp:term":[{"taxonomy":"category","embeddable":true,"href":"https:\/\/daphne.sk\/de\/wp-json\/wp\/v2\/categories?post=13306"},{"taxonomy":"post_tag","embeddable":true,"href":"https:\/\/daphne.sk\/de\/wp-json\/wp\/v2\/tags?post=13306"},{"taxonomy":"kategoria-bigling","embeddable":true,"href":"https:\/\/daphne.sk\/de\/wp-json\/wp\/v2\/kategoria-bigling?post=13306"}],"curies":[{"name":"wp","href":"https:\/\/api.w.org\/{rel}","templated":true}]}}