{"id":14229,"date":"2020-10-14T12:43:51","date_gmt":"2020-10-14T10:43:51","guid":{"rendered":"https:\/\/daphne.sk\/?p=14229"},"modified":"2022-11-05T18:08:00","modified_gmt":"2022-11-05T18:08:00","slug":"paleta-rocnych-obdobi","status":"publish","type":"post","link":"https:\/\/daphne.sk\/de\/paleta-rocnych-obdobi\/","title":{"rendered":"Paleta ro\u010dn\u00fdch obdob\u00ed"},"content":{"rendered":"<p>Ka\u017ed\u00e9 ro\u010dn\u00e9 obdobie je viac \u010di menej typick\u00e9 svoj\u00edm po\u010das\u00edm, farbami, v\u00f4\u0148ami, chu\u0165ami \u010di ob\u013e\u00faben\u00fdmi aktivitami. Po\u010fte sa s nami in\u0161pirova\u0165 cyklom roka prostredn\u00edctvom jednoduch\u00fdch aktiv\u00edt. Posta\u010dia v\u00e1m obr\u00e1zky symbolizuj\u00face r\u00f4zne ro\u010dn\u00e9 obdobia (napr. zav\u00e1ranina, snehov\u00e9 vlo\u010dky), rozmanit\u00e9 pr\u00edrodniny (napr. orechy, su\u0161en\u00e9 huby, listy - m\u00f4\u017eete ich s de\u0165mi zbiera\u0165 po\u010das cel\u00e9ho roka), dom\u00e1ce sez\u00f3nne produkty, ko\u0161\u00edk, \u0161atka, nahr\u00e1vky zvukov 4 ro\u010dn\u00fdch obdob\u00ed \u00a0a pracovn\u00fd list (stiahnite si ho <a href=\"https:\/\/daphne.sk\/wp-content\/uploads\/2013\/12\/BIG_PL_Paleta_obdobi.pdf\" target=\"_blank\" rel=\"noopener noreferrer\">TU<\/a>). Pokia\u013e m\u00e1te mo\u017enos\u0165, zhotovte si aj ve\u013ek\u00fd pestrofarebn\u00fd obr\u00e1zok \u010di pl\u00e1tno \u0161tyroch ro\u010dn\u00fdch obdob\u00ed.<\/p>\n<p>In\u0161pir\u00e1ciu n\u00e1jdete aj v na\u0161om videu:<\/p>\n<p><iframe loading=\"lazy\" title=\"In\u0161pir\u00e1cie na interakt\u00edvnu v\u00fdu\u010dbu 1\" width=\"500\" height=\"281\" src=\"https:\/\/www.youtube.com\/embed\/w4IpzaT9Rd4?feature=oembed\" frameborder=\"0\" allow=\"accelerometer; autoplay; clipboard-write; encrypted-media; gyroscope; picture-in-picture; web-share\" referrerpolicy=\"strict-origin-when-cross-origin\" allowfullscreen><\/iframe><\/p>\n<p><strong>Slovn\u00ed\u010dek:<\/strong> ro\u010dn\u00e9 obdobia\/die Jahreszeiten, jar\/der Fr\u00fchling, leto\/der Sommer, jese\u0148\/der Herbst, zima\/der Winter, sad\/der Obstgarten, l\u00faka\/die Wiese, z\u00e1hradka\/der Garten, pole\/das Feld, \u00faroda\/die Ernte.<\/p>\n<p>&nbsp;<\/p>\n<p><strong>Zapo\u010d\u00favajme sa do ro\u010dn\u00fdch obdob\u00ed:<\/strong> Rozprestrite na zem pl\u00e1tno \u0161tyroch ro\u010dn\u00fdch obdob\u00ed a\u00a0pozvite deti posada\u0165 si do polkruhu okolo pl\u00e1tna. Teraz si deti zatvoria o\u010di a pustite im vybran\u00e9 uk\u00e1\u017eky 4 ro\u010dn\u00fdch obdob\u00ed (napr. Vivaldiho 4 ro\u010dn\u00e9 obdobia). Ka\u017edej zvukovej nahr\u00e1vke potom sk\u00fasia priradi\u0165\u00a0spr\u00e1vne ro\u010dn\u00e9 obdobie. Mlad\u0161\u00edm de\u0165om (pred\u0161kol\u00e1ci) posta\u010d\u00ed pusti\u0165 2 dobre odl\u00ed\u0161ite\u013en\u00e9 nahr\u00e1vky pre porovnanie: napr. jar a\u00a0zimu.<\/p>\n<p>&nbsp;<\/p>\n<p><strong>Premena ro\u010dn\u00fdch obdob\u00ed:<\/strong> Po\u010fme sa teraz rozpr\u00e1va\u0165 o\u00a0zmen\u00e1ch, ktor\u00e9 vidie\u0165 na ma\u013eovanom pl\u00e1tne. Svoje rozpr\u00e1vanie spestr\u00edme obr\u00e1zkami \u017eivo\u010d\u00edchov (jese\u0148 \u2013 pod zemou spiace sysle), pr\u00edrodninami (jese\u0148 - pestrofarebn\u00e9 listy) a\u00a0sez\u00f3nnymi plodmi (jese\u0148 - \u0161\u00edpky, ga\u0161tany) \u010di produktami (jese\u0148 - sez\u00f3nne napr. hru\u0161kov\u00fd komp\u00f3t), ktor\u00e9 spolu s\u00a0de\u0165mi uklad\u00e1me na pl\u00e1tno. D\u00f4raz kladieme na aktu\u00e1lne ro\u010dn\u00e9 obdobie \u2013 jese\u0148 - a\u00a0na\u0161e rozpr\u00e1vanie prepoj\u00edme aj s\u00a0ob\u013e\u00faben\u00fdmi \u010dinnos\u0165ami det\u00ed (p\u00fa\u0161\u0165anie \u0161arkanov, vyr\u00e1banie ga\u0161tankov a\u00a0in\u00e9).<\/p>\n<p>&nbsp;<\/p>\n<p><strong>TIP na jazykov\u00fa aktivitu:<\/strong> Deti rozdel\u00edme na ro\u010dn\u00e9 obdobia. Postavia sa do kruhu a\u00a0my ukazujeme a\u00a0hovor\u00edme: \u201eDu bist Fruhling, du bist Sommer, du bist Herbst, du bist Winter\u201c. Potom mal\u00e1 kontrola: \u201eWas bist du?\u201c Pedag\u00f3g\/rodi\u010d hru moderuje: \u201eJetzt kommt die Sommer\u201c. Ka\u017ed\u00e9 die\u0165a predstavuj\u00face leto si vyberie jednu letn\u00fa \u010dinnos\u0165 (napr. pl\u00e1vanie), ktor\u00e1 je typick\u00e1 pre leto a\u00a0bude ju zn\u00e1zor\u0148ova\u0165 (pohybom r\u00fak ako pl\u00e1va prsia alebo kraul). Takto vystriedame v\u0161etky ro\u010dn\u00e9 obdobia a\u00a0vytvor\u00edme si paletu ro\u010dn\u00fdch obdob\u00ed v\u00a0pohybe &#x1f60a;.<\/p>\n<p>&nbsp;<\/p>\n<p><strong>Spozn\u00e1vanie plodov pod\u013ea hmatu:<\/strong> Podobne ako si mnoh\u00e9 zvieratk\u00e1 robia na jese\u0148 z\u00e1soby, aj n\u00e1m \u013eu\u010fom poskytuje pr\u00edroda mno\u017estvo chutn\u00fdch plodov, ktor\u00e9 n\u00e1m v\u00a0zime spestria jed\u00e1lni\u010dek. Teraz si deti posadaj\u00fa op\u00e4\u0165 do polkruhu. Vyberiete niekoho, komu zavia\u017eete o\u010di \u0161atkou. Priprav\u00edte si ko\u0161\u00edk so sez\u00f3nnymi\u00a0plodmi a\u00a0ich produktami. Jeden vytiahnite z\u00a0ko\u0161\u00edka (vyberte 3 dobre zn\u00e1me plody a\u00a01 menej zn\u00e1my \u2013 tekvica, cibu\u013ea, jablko, kukurica) a\u00a0pod\u013ea hmatu a\u00a0v\u00f4ne die\u0165a h\u00e1da, \u010do to je. M\u00f4\u017ee sa ostatn\u00fdch p\u00fdta\u0165 3 pomocn\u00e9 ot\u00e1zky a\u00a0oni odpovedaj\u00fa iba \u201e\u00e1no, nie\u201c napr. dr\u017e\u00ed jablko: \u201eJe to ovocie? Je \u010derven\u00e9? Rastie na strome?\u201c Ke\u010f uh\u00e1dne, plod\/produkt mu uk\u00e1\u017eeme, pomenujeme a\u00a0op\u00fdtame sa, kde rastie. Uk\u00e1\u017ete na obr\u00e1zky SAD, Z\u00c1HRADA, POLE a\u00a0L\u00daKA (pomenujte ich) na pracovnom liste a\u00a0umiestnite plod\/jeho produkt na tieto obr\u00e1zky alebo na pl\u00e1tno pod\u013ea toho, kde tento plod rastie (napr. na strom, do z\u00e1hrady na zem). Na strieda\u010dku zara\u010fte aj ochutn\u00e1vku \u2013 na mal\u00fa ly\u017ei\u010dku naberte marhu\u013eov\u00fd \u010di slivkov\u00fd d\u017eem \u2013 hmat teraz viac nahrad\u00ed \u010fal\u0161\u00ed zmysel \u2013 chu\u0165. Ke\u010f die\u0165a neuh\u00e1dne, vyberieme mu druh\u00fd \u2013 jednoduch\u0161\u00ed plod\/produkt a h\u00e1danie pokra\u010duje. Vystriedajte 3-4 deti pod\u013ea z\u00e1ujmu.<\/p>\n<p>&nbsp;<\/p>\n<p>Na t\u00fato aktivitu m\u00f4\u017eeme nadviaza\u0165 napr\u00edklad prech\u00e1dzkou do lesa spojenou so zbieran\u00edm dobre zn\u00e1mych h\u00fab, ich kr\u00e1jan\u00edm, navliekan\u00edm na tenk\u00fa ni\u0165 a\u00a0su\u0161en\u00edm &#x1f60a;.<\/p>\n<p><img decoding=\"async\" class=\"alignnone size-full wp-image-11628\" src=\"https:\/\/daphne.sk\/wp-content\/uploads\/2018\/07\/logo_interreg_eu_header-1.png\" alt=\"\" width=\"146\" height=\"120\" \/><img decoding=\"async\" class=\"alignnone size-medium wp-image-11524\" src=\"https:\/\/daphne.sk\/wp-content\/uploads\/2013\/12\/SK-AT_logo_ERDF_RGB-300x99.jpg\" alt=\"\" width=\"300\" height=\"99\" srcset=\"https:\/\/daphne.sk\/wp-content\/uploads\/2013\/12\/SK-AT_logo_ERDF_RGB-300x99.jpg 300w, https:\/\/daphne.sk\/wp-content\/uploads\/2013\/12\/SK-AT_logo_ERDF_RGB-1024x336.jpg 1024w, https:\/\/daphne.sk\/wp-content\/uploads\/2013\/12\/SK-AT_logo_ERDF_RGB-768x252.jpg 768w, https:\/\/daphne.sk\/wp-content\/uploads\/2013\/12\/SK-AT_logo_ERDF_RGB-1536x505.jpg 1536w, https:\/\/daphne.sk\/wp-content\/uploads\/2013\/12\/SK-AT_logo_ERDF_RGB.jpg 1641w\" sizes=\"(max-width: 300px) 100vw, 300px\" \/><\/p>\n<p>T\u00fato aktivitu vr\u00e1tane pracovn\u00fdch listov sme pripravili v r\u00e1mci projektu \u201eKooper\u00e1cie v oblasti vzdel\u00e1vania v pohrani\u010dnom regi\u00f3ne SK-AT\u201c realizovan\u00e9ho v r\u00e1mci Programu spolupr\u00e1ce INTERREG V-A SK-AT.<\/p>\n<p>&nbsp;<\/p>\n","protected":false},"excerpt":{"rendered":"<p>Ka\u017ed\u00e9 ro\u010dn\u00e9 obdobie je viac \u010di menej typick\u00e9 svoj\u00edm po\u010das\u00edm, farbami, v\u00f4\u0148ami, chu\u0165ami \u010di ob\u013e\u00faben\u00fdmi aktivitami. Po\u010fte sa s nami in\u0161pirova\u0165 cyklom roka prostredn\u00edctvom jednoduch\u00fdch aktiv\u00edt. Posta\u010dia v\u00e1m obr\u00e1zky symbolizuj\u00face r\u00f4zne ro\u010dn\u00e9 obdobia (napr. zav\u00e1ranina, snehov\u00e9 vlo\u010dky), rozmanit\u00e9 pr\u00edrodniny (napr. orechy, su\u0161en\u00e9 huby, listy - m\u00f4\u017eete ich s de\u0165mi zbiera\u0165 po\u010das cel\u00e9ho roka), dom\u00e1ce sez\u00f3nne<\/p>\n","protected":false},"author":1,"featured_media":14231,"comment_status":"closed","ping_status":"open","sticky":false,"template":"","format":"standard","meta":{"_uag_custom_page_level_css":"","_jetpack_memberships_contains_paid_content":false,"footnotes":""},"categories":[1,3],"tags":[],"kategoria-bigling":[],"class_list":["post-14229","post","type-post","status-publish","format-standard","has-post-thumbnail","hentry","category-uncategorized","category-aktuality"],"jetpack_featured_media_url":"https:\/\/daphne.sk\/wp-content\/uploads\/2020\/10\/Paleta1-1.jpg","uagb_featured_image_src":{"full":["https:\/\/daphne.sk\/wp-content\/uploads\/2020\/10\/Paleta1-1.jpg",984,687,false],"thumbnail":["https:\/\/daphne.sk\/wp-content\/uploads\/2020\/10\/Paleta1-1-150x150.jpg",150,150,true],"medium":["https:\/\/daphne.sk\/wp-content\/uploads\/2020\/10\/Paleta1-1-300x209.jpg",300,209,true],"medium_large":["https:\/\/daphne.sk\/wp-content\/uploads\/2020\/10\/Paleta1-1-768x536.jpg",768,536,true],"large":["https:\/\/daphne.sk\/wp-content\/uploads\/2020\/10\/Paleta1-1.jpg",984,687,false],"1536x1536":["https:\/\/daphne.sk\/wp-content\/uploads\/2020\/10\/Paleta1-1.jpg",984,687,false],"2048x2048":["https:\/\/daphne.sk\/wp-content\/uploads\/2020\/10\/Paleta1-1.jpg",984,687,false],"woocommerce_thumbnail":["https:\/\/daphne.sk\/wp-content\/uploads\/2020\/10\/Paleta1-1-450x450.jpg",450,450,true]},"uagb_author_info":{"display_name":"admin","author_link":"https:\/\/daphne.sk\/de\/author\/admin\/"},"uagb_comment_info":0,"uagb_excerpt":"Ka\u017ed\u00e9 ro\u010dn\u00e9 obdobie je viac \u010di menej typick\u00e9 svoj\u00edm po\u010das\u00edm, farbami, v\u00f4\u0148ami, chu\u0165ami \u010di ob\u013e\u00faben\u00fdmi aktivitami. Po\u010fte sa s nami in\u0161pirova\u0165 cyklom roka prostredn\u00edctvom jednoduch\u00fdch aktiv\u00edt. Posta\u010dia v\u00e1m obr\u00e1zky symbolizuj\u00face r\u00f4zne ro\u010dn\u00e9 obdobia (napr. zav\u00e1ranina, snehov\u00e9 vlo\u010dky), rozmanit\u00e9 pr\u00edrodniny (napr. orechy, su\u0161en\u00e9 huby, listy - m\u00f4\u017eete ich s de\u0165mi zbiera\u0165 po\u010das cel\u00e9ho roka), dom\u00e1ce sez\u00f3nne","jetpack_sharing_enabled":true,"meta_box":{"canky":false,"feature_image_off":""},"_links":{"self":[{"href":"https:\/\/daphne.sk\/de\/wp-json\/wp\/v2\/posts\/14229","targetHints":{"allow":["GET"]}}],"collection":[{"href":"https:\/\/daphne.sk\/de\/wp-json\/wp\/v2\/posts"}],"about":[{"href":"https:\/\/daphne.sk\/de\/wp-json\/wp\/v2\/types\/post"}],"author":[{"embeddable":true,"href":"https:\/\/daphne.sk\/de\/wp-json\/wp\/v2\/users\/1"}],"replies":[{"embeddable":true,"href":"https:\/\/daphne.sk\/de\/wp-json\/wp\/v2\/comments?post=14229"}],"version-history":[{"count":1,"href":"https:\/\/daphne.sk\/de\/wp-json\/wp\/v2\/posts\/14229\/revisions"}],"predecessor-version":[{"id":20408,"href":"https:\/\/daphne.sk\/de\/wp-json\/wp\/v2\/posts\/14229\/revisions\/20408"}],"wp:featuredmedia":[{"embeddable":true,"href":"https:\/\/daphne.sk\/de\/wp-json\/wp\/v2\/media\/14231"}],"wp:attachment":[{"href":"https:\/\/daphne.sk\/de\/wp-json\/wp\/v2\/media?parent=14229"}],"wp:term":[{"taxonomy":"category","embeddable":true,"href":"https:\/\/daphne.sk\/de\/wp-json\/wp\/v2\/categories?post=14229"},{"taxonomy":"post_tag","embeddable":true,"href":"https:\/\/daphne.sk\/de\/wp-json\/wp\/v2\/tags?post=14229"},{"taxonomy":"kategoria-bigling","embeddable":true,"href":"https:\/\/daphne.sk\/de\/wp-json\/wp\/v2\/kategoria-bigling?post=14229"}],"curies":[{"name":"wp","href":"https:\/\/api.w.org\/{rel}","templated":true}]}}