{"id":14376,"date":"2020-10-15T12:54:39","date_gmt":"2020-10-15T10:54:39","guid":{"rendered":"https:\/\/daphne.sk\/?p=14376"},"modified":"2022-11-05T18:08:00","modified_gmt":"2022-11-05T18:08:00","slug":"priroda-v-zime","status":"publish","type":"post","link":"https:\/\/daphne.sk\/de\/priroda-v-zime\/","title":{"rendered":"Sp\u00ed pr\u00edroda v zime?"},"content":{"rendered":"<p>I ke\u010f poriadna zima e\u0161te do n\u00ed\u017ein nedorazila, pr\u00edroda sa u\u017e poctivo pripravuje na jej pr\u00edchod. \u00a0Na n\u00e1\u0161 program o zimnej pr\u00edrode posta\u010d\u00ed pracovn\u00fd list s obr\u00e1zkami zvierat (alebo ich l\u00e1tkov\u00e9\/ply\u0161ov\u00e9 verzie) a pokia\u013e m\u00e1te mo\u017enos\u0165, zhotovte si aj ve\u013ek\u00fd pestrofarebn\u00fd obr\u00e1zok, \u010di pl\u00e1tno \u0161tyroch ro\u010dn\u00fdch obdob\u00ed.<\/p>\n<p>Pracovn\u00fd list si v slovenskom a nemeckom jazyku stiahnite <a href=\"https:\/\/daphne.sk\/wp-content\/uploads\/2013\/12\/BIG_Spi_priroda_zima_PL1_SK_DE_verzia.pdf\" target=\"_blank\" rel=\"noopener noreferrer\">TU<\/a>.<\/p>\n<p>In\u0161pir\u00e1ciu n\u00e1jdete aj v sade na\u0161ich pom\u00f4cok:<\/p>\n<p><iframe loading=\"lazy\" title=\"In\u0161pir\u00e1cie na interakt\u00edvnu v\u00fdu\u010dbu 1\" width=\"500\" height=\"281\" src=\"https:\/\/www.youtube.com\/embed\/w4IpzaT9Rd4?feature=oembed\" frameborder=\"0\" allow=\"accelerometer; autoplay; clipboard-write; encrypted-media; gyroscope; picture-in-picture; web-share\" referrerpolicy=\"strict-origin-when-cross-origin\" allowfullscreen><\/iframe><\/p>\n<p><strong>Slovn\u00ed\u010dek:<\/strong> ro\u010dn\u00e9 obdobia\/die Jahreszeiten, zima\/der Winter, spa\u0165\/schlafen, zimn\u00fd sp\u00e1nok\/der Winterschlaf, by\u0165 bdel\u00fd-hore\/wach sein, migr\u00e1cia\/die Wanderung, bocian\/der Storch, \u017eaba\/der Frosch,\u00a0diviak\/das Wildschwein, kuku\u010dka\/der Kuckuck, je\u017e\/der Igel, veveri\u010dka\/das Eichh\u00f6rnchen, zajac\/der Hase, medve\u010f\/der B\u00e4r, lastovi\u010dka\/die Schwalbe<\/p>\n<p>&nbsp;<\/p>\n<p><strong>Za\u010dnime rozpr\u00e1van\u00edm<\/strong> nad pl\u00e1tnom \u0161tyroch ro\u010dn\u00fdch obdob\u00ed. Ako pomocn\u00edkov si vytiahneme a\u00a0predstav\u00edme pohybom\/zvukom 3 zvieratk\u00e1: bociana (pohyb: stoj\u00edme na 1 nohe a\u00a0pred sebou vystret\u00fdmi rukami otv\u00e1rame akoby zob\u00e1kom; zvuk = klepot zob\u00e1ka), \u017eabku (pohyb: sk\u00e1kanie na dvoch ako \u017eaba; zvuk: kvak) a\u00a0diviaka (pohyb: chodenie po \u0161tyroch a\u00a0r\u00fdpanie nosom v\u00a0zemi; zvuk = krochkanie). Teraz zamerajme pozornos\u0165 det\u00ed na zimu. \u010co radi rob\u00edte v\u00a0zime? Po\u010fme spolu vyp\u00e1tra\u0165, \u010do robia v zime na\u0161i traja (ale nielen oni) zvierac\u00ed kamar\u00e1ti.<\/p>\n<p>&nbsp;<\/p>\n<p><strong>Ako pre\u010dk\u00e1vaj\u00fa zimu zvieratk\u00e1:<\/strong> Ako to vyzer\u00e1 v\u00a0zimnej pr\u00edrode? \u010co znamen\u00e1 zima pre pr\u00edrodu? Pre\u010do niektor\u00e9 zvieratk\u00e1 cez zimu nevid\u00edme (odlietaj\u00fa alebo upadaj\u00fa do zimn\u00e9ho sp\u00e1nku)? Ktor\u00e9 s\u00fa to? Nech\u00e1me deti poveda\u0165 zop\u00e1r pr\u00edkladov a potom ukazujeme obr\u00e1zky na\u0161ich 3 zvierac\u00edch kamar\u00e1tov a porozpr\u00e1vame o sp\u00f4soboch, ako zimu pre\u010dk\u00e1vaj\u00fa ony:<\/p>\n<p><strong>1. migruje<\/strong> \u2013 odlet\u00ed na zimu do \u201etepl\u00fdch kraj\u00edn\u201c \u2013 bocian<\/p>\n<p>Vysvetl\u00edme si, pre\u010do odlietaj\u00fa \u2013 hlavn\u00fdm d\u00f4vodom nie je chlad. \u010c\u00edm sa \u017eiv\u00ed bocian\/lastovi\u010dka\/kuku\u010dka (hmyz)? N\u00e1jdu si u n\u00e1s t\u00fato potravu aj v zime (nie)? Hlavn\u00fdm d\u00f4vodom, pre\u010do odlietaj\u00fa nie je teda po\u010dasie, ale nedostatok potravy.<\/p>\n<p><strong>2. hibernuje<\/strong> \u2013 zost\u00e1va u n\u00e1s, ale zimu presp\u00ed \u2013 \u017eaba<\/p>\n<p>M\u00f4\u017eeme sa s de\u0165mi kr\u00e1tko porozpr\u00e1va\u0165 o tom, ako sa na tak\u00fd dlh\u00fd sp\u00e1nok pripravia \u2013 musia si v lete a na jese\u0148 spravi\u0165 dostato\u010dn\u00e9 tukov\u00e9 z\u00e1soby.<\/p>\n<p><strong>3. zost\u00e1va u n\u00e1s a nesp\u00ed<\/strong> \u2013 diviak<\/p>\n<p>Aj po\u010das zimy si n\u00e1jde v\u00a0pr\u00edrode potravu nevyhnutn\u00fa na pre\u017eitie.<\/p>\n<p>&nbsp;<\/p>\n<p>Teraz sa zameriame na zvieratk\u00e1, ktor\u00e9 tu na zimu ost\u00e1vaj\u00fa a\u00a0nespia \u2013 \u010do im pom\u00e1ha pre\u010dka\u0165 chladn\u00e9 po\u010dasie, ako s\u00fa prisp\u00f4soben\u00e9 (srs\u0165\/perie)?<\/p>\n<p>&nbsp;<\/p>\n<p><strong>\u010carovacia hra:<\/strong> Po\u010fme sa teraz spolo\u010dne zahra\u0165 na zvieratk\u00e1! Budete potrebova\u0165 pracovn\u00fd list s\u00a0obr\u00e1zkami zvierat a\u00a0nie\u010do na \u201e\u010darovanie\u201c (napr. pali\u010dka). \u00dalohou det\u00ed je spr\u00e1vne identifikova\u0165, \u010do rob\u00ed v zime zvieratko na obr\u00e1zku. Ak zviera u\u00a0n\u00e1s nezimuje, ale odlieta (migruje), deti sa musia rozuteka\u0165\/rozletie\u0165 (na vopred ur\u010den\u00e9 miesto na dvore \/ v triede \u2013 symbolizuj\u00fac napr. Afriku). Pri zvieratku, ktor\u00e9 zimu presp\u00ed, musia osta\u0165 nehybne st\u00e1\u0165 a\u00a0zavrie\u0165 o\u010di. A\u00a0do tretice - pri zvieratku, ktor\u00e9 tu zimuje, ale nesp\u00ed, sa ho sna\u017eia napodobni\u0165 zvukom alebo pohybom. Deti sa postavia a\u00a0vy hovor\u00edte: \u201e\u010carovala Pani zima a\u00a0v\u0161etky deti na toto zvieratko premenila na ...\u201c (uk\u00e1\u017ete farebn\u00fd obr\u00e1zok zvieratka). Ukazujte primerane veku a\u00a0vedomostiam det\u00ed zvieratk\u00e1, ktor\u00e9 s\u00fa na obr\u00e1zkoch.<\/p>\n<p>&nbsp;<\/p>\n<p><strong>Tip na jazykov\u00fa aktivitu:<\/strong> Teraz nech\u00e1me de\u0165om vybra\u0165 si, \u010di bud\u00fa \u017eaba, bocian alebo diviak (nehovoria nahlas). Ur\u010d\u00edme, ktor\u00fd roh miestnosti\/\u010das\u0165 dvora bude zimn\u00fdm domovom pre ktor\u00e9 zvieratko. Nech\u00e1me deti spr\u00e1va\u0165\/pohybova\u0165 sa ako toto zvieratko (uk\u00e1zali sme si v\u00a0predch\u00e1dzaj\u00facej aktivite) a potom chod\u00edme medzi de\u0165mi a ka\u017ed\u00e9ho sa op\u00fdtame: \u201eKto si? - Wer bist du?\u201c Odpovede: \u201e\u017daba \u2013 der Frosch.\u201c \u201eBocian \u2013 der Storch\u201c. \u201eDiviak \u2013 das Wildschwein.\u201c Po chv\u00edli pokra\u010dujeme: \u201ePomaly prich\u00e1dza zima\u201c \u2013 \u201eLangsam kommt der Winter\u201c. V\u0161etky zvieratk\u00e1 sa vyber\u00fa do svojho zimn\u00e9ho domova \u2013 rohu miestnosti\/\u010dasti dvora.<\/p>\n<p>V\u00a0ka\u017edom rohu sa p\u00fdtame ka\u017edej skupiny: \u201e\u010co rob\u00edte, zvieratk\u00e1? - Was macht ihr, Tiere?\u201c<\/p>\n<p>Odpovede:<\/p>\n<p>\u00fc\u00a0 \u201eSp\u00edme \u2013 Wir schlafen\u201c. (\u017eaby)<\/p>\n<p>\u00fc\u00a0 \u201eSme hore\/jeme\/hr\u00e1me sa.\u00a0 \u2013 Wir sind wach\/essen\/spielen.\u201c (diviaky)<\/p>\n<p>\u00fc\u00a0 \u201eOdlietame\/migrujeme \u2013 Wir wandern. (bociany)<\/p>\n<p>&nbsp;<\/p>\n<p>Na <strong>z\u00e1ver<\/strong> si sadneme do kruhu a\u00a0v\u00a0r\u00e1mci utvrdenia nadobudnut\u00fdch vedomost\u00ed hovor\u00edme de\u0165om r\u00f4zne v\u00fdroky, pri\u010dom \u00falohou det\u00ed je odpoveda\u0165 \u00e1no\/nie. Pokia\u013e ste robili aktivitu vn\u00fatri, pozvite deti najbli\u017e\u0161ie na zimn\u00fa prech\u00e1dzku spojen\u00fa s pozorovan\u00edm st\u00f4p. Mo\u017eno spozorujete aj tak\u00e9 zvieratk\u00e1, o\u00a0ktor\u00fdch pr\u00edtomnosti ste vo va\u0161om okol\u00ed doteraz netu\u0161ili.<\/p>\n<p>&nbsp;<\/p>\n<p><img decoding=\"async\" class=\"alignnone size-full wp-image-11628\" src=\"https:\/\/daphne.sk\/wp-content\/uploads\/2018\/07\/logo_interreg_eu_header-1.png\" alt=\"\" width=\"146\" height=\"120\" \/><img decoding=\"async\" class=\"alignnone size-medium wp-image-11524\" src=\"https:\/\/daphne.sk\/wp-content\/uploads\/2013\/12\/SK-AT_logo_ERDF_RGB-300x99.jpg\" alt=\"\" width=\"300\" height=\"99\" srcset=\"https:\/\/daphne.sk\/wp-content\/uploads\/2013\/12\/SK-AT_logo_ERDF_RGB-300x99.jpg 300w, https:\/\/daphne.sk\/wp-content\/uploads\/2013\/12\/SK-AT_logo_ERDF_RGB-1024x336.jpg 1024w, https:\/\/daphne.sk\/wp-content\/uploads\/2013\/12\/SK-AT_logo_ERDF_RGB-768x252.jpg 768w, https:\/\/daphne.sk\/wp-content\/uploads\/2013\/12\/SK-AT_logo_ERDF_RGB-1536x505.jpg 1536w, https:\/\/daphne.sk\/wp-content\/uploads\/2013\/12\/SK-AT_logo_ERDF_RGB.jpg 1641w\" sizes=\"(max-width: 300px) 100vw, 300px\" \/><\/p>\n<p>T\u00fato aktivitu vr\u00e1tane pracovn\u00fdch listov sme pripravili z projektu \u201eKooper\u00e1cie v oblasti vzdel\u00e1vania v pohrani\u010dnom regi\u00f3ne SK-AT\u201c realizovan\u00e9ho v r\u00e1mci Programu spolupr\u00e1ce INTERREG V-A SK-AT.<\/p>\n<p>&nbsp;<\/p>\n","protected":false},"excerpt":{"rendered":"<p>I ke\u010f poriadna zima e\u0161te do n\u00ed\u017ein nedorazila, pr\u00edroda sa u\u017e poctivo pripravuje na jej pr\u00edchod. \u00a0Na n\u00e1\u0161 program o zimnej pr\u00edrode posta\u010d\u00ed pracovn\u00fd list s obr\u00e1zkami zvierat (alebo ich l\u00e1tkov\u00e9\/ply\u0161ov\u00e9 verzie) a pokia\u013e m\u00e1te mo\u017enos\u0165, zhotovte si aj ve\u013ek\u00fd pestrofarebn\u00fd obr\u00e1zok, \u010di pl\u00e1tno \u0161tyroch ro\u010dn\u00fdch obdob\u00ed. Pracovn\u00fd list si v slovenskom a nemeckom jazyku<\/p>\n","protected":false},"author":1,"featured_media":14378,"comment_status":"closed","ping_status":"open","sticky":false,"template":"","format":"standard","meta":{"_uag_custom_page_level_css":"","_jetpack_memberships_contains_paid_content":false,"footnotes":""},"categories":[1,3],"tags":[],"kategoria-bigling":[],"class_list":["post-14376","post","type-post","status-publish","format-standard","has-post-thumbnail","hentry","category-uncategorized","category-aktuality"],"jetpack_featured_media_url":"https:\/\/daphne.sk\/wp-content\/uploads\/2020\/10\/Priroda_zima_titulka-1.jpg","uagb_featured_image_src":{"full":["https:\/\/daphne.sk\/wp-content\/uploads\/2020\/10\/Priroda_zima_titulka-1.jpg",1111,766,false],"thumbnail":["https:\/\/daphne.sk\/wp-content\/uploads\/2020\/10\/Priroda_zima_titulka-1-150x150.jpg",150,150,true],"medium":["https:\/\/daphne.sk\/wp-content\/uploads\/2020\/10\/Priroda_zima_titulka-1-300x207.jpg",300,207,true],"medium_large":["https:\/\/daphne.sk\/wp-content\/uploads\/2020\/10\/Priroda_zima_titulka-1-768x530.jpg",768,530,true],"large":["https:\/\/daphne.sk\/wp-content\/uploads\/2020\/10\/Priroda_zima_titulka-1-1024x706.jpg",1024,706,true],"1536x1536":["https:\/\/daphne.sk\/wp-content\/uploads\/2020\/10\/Priroda_zima_titulka-1.jpg",1111,766,false],"2048x2048":["https:\/\/daphne.sk\/wp-content\/uploads\/2020\/10\/Priroda_zima_titulka-1.jpg",1111,766,false],"woocommerce_thumbnail":["https:\/\/daphne.sk\/wp-content\/uploads\/2020\/10\/Priroda_zima_titulka-1-450x450.jpg",450,450,true]},"uagb_author_info":{"display_name":"admin","author_link":"https:\/\/daphne.sk\/de\/author\/admin\/"},"uagb_comment_info":0,"uagb_excerpt":"I ke\u010f poriadna zima e\u0161te do n\u00ed\u017ein nedorazila, pr\u00edroda sa u\u017e poctivo pripravuje na jej pr\u00edchod. \u00a0Na n\u00e1\u0161 program o zimnej pr\u00edrode posta\u010d\u00ed pracovn\u00fd list s obr\u00e1zkami zvierat (alebo ich l\u00e1tkov\u00e9\/ply\u0161ov\u00e9 verzie) a pokia\u013e m\u00e1te mo\u017enos\u0165, zhotovte si aj ve\u013ek\u00fd pestrofarebn\u00fd obr\u00e1zok, \u010di pl\u00e1tno \u0161tyroch ro\u010dn\u00fdch obdob\u00ed. Pracovn\u00fd list si v slovenskom a nemeckom jazyku","jetpack_sharing_enabled":true,"meta_box":{"canky":false,"feature_image_off":""},"_links":{"self":[{"href":"https:\/\/daphne.sk\/de\/wp-json\/wp\/v2\/posts\/14376","targetHints":{"allow":["GET"]}}],"collection":[{"href":"https:\/\/daphne.sk\/de\/wp-json\/wp\/v2\/posts"}],"about":[{"href":"https:\/\/daphne.sk\/de\/wp-json\/wp\/v2\/types\/post"}],"author":[{"embeddable":true,"href":"https:\/\/daphne.sk\/de\/wp-json\/wp\/v2\/users\/1"}],"replies":[{"embeddable":true,"href":"https:\/\/daphne.sk\/de\/wp-json\/wp\/v2\/comments?post=14376"}],"version-history":[{"count":1,"href":"https:\/\/daphne.sk\/de\/wp-json\/wp\/v2\/posts\/14376\/revisions"}],"predecessor-version":[{"id":20407,"href":"https:\/\/daphne.sk\/de\/wp-json\/wp\/v2\/posts\/14376\/revisions\/20407"}],"wp:featuredmedia":[{"embeddable":true,"href":"https:\/\/daphne.sk\/de\/wp-json\/wp\/v2\/media\/14378"}],"wp:attachment":[{"href":"https:\/\/daphne.sk\/de\/wp-json\/wp\/v2\/media?parent=14376"}],"wp:term":[{"taxonomy":"category","embeddable":true,"href":"https:\/\/daphne.sk\/de\/wp-json\/wp\/v2\/categories?post=14376"},{"taxonomy":"post_tag","embeddable":true,"href":"https:\/\/daphne.sk\/de\/wp-json\/wp\/v2\/tags?post=14376"},{"taxonomy":"kategoria-bigling","embeddable":true,"href":"https:\/\/daphne.sk\/de\/wp-json\/wp\/v2\/kategoria-bigling?post=14376"}],"curies":[{"name":"wp","href":"https:\/\/api.w.org\/{rel}","templated":true}]}}