{"id":16280,"date":"2021-09-29T09:25:23","date_gmt":"2021-09-29T07:25:23","guid":{"rendered":"https:\/\/daphne.sk\/?p=16280"},"modified":"2023-05-10T12:32:04","modified_gmt":"2023-05-10T12:32:04","slug":"ponukame-programy-a-exkurzie-skolam-v-bsk","status":"publish","type":"post","link":"https:\/\/daphne.sk\/de\/ponukame-programy-a-exkurzie-skolam-v-bsk\/","title":{"rendered":"Pon\u00fakame programy a exkurzie \u0161kol\u00e1m v BSK od septembra 2023"},"content":{"rendered":"<p>Ka\u0161tie\u013e v \u010cunove sa men\u00ed na ekocentrum. Prebieha rekon\u0161trukcia objektu, tvorba interakt\u00edvnej expoz\u00edcie a \u00faprava z\u00e1hrady. Ekocentrum \u010cunovo u\u017e v roku 2023 priv\u00edta vo svojich priestoroch \u0161koly a verejnos\u0165.<br \/>\nDovtedy priprav\u00edme pre \u0161koly z\u00e1\u017eitkov\u00e9 programy a zauj\u00edmav\u00e9 exkurzie, ktor\u00e9 v \u00fa\u010dastn\u00edkoch prebudia z\u00e1ujem o pr\u00edrodu, posilnia soci\u00e1lne v\u00e4zby v kolekt\u00edve a podporia empatiu a re\u0161pekt k okoliu, aj k sebe sam\u00e9mu. Viac inform\u00e1ci\u00ed o bud\u00facom ekocentre v \u010cunove n\u00e1jdete <a href=\"https:\/\/daphne.sk\/zacina-rekonstrukcia-kastiela-v-cunove-stane-sa-z-neho-ekocentrum\/\" target=\"_blank\" rel=\"noopener\">TU<\/a>.<\/p>\n<p>Po\u010das tvorby programy a exkurzie bezplatne pon\u00fakame v\u0161etk\u00fdm \u0161kol\u00e1m v Bratislavskom kraji.<br \/>\nPr\u00ed\u010fte s nami za\u017ei\u0165 pr\u00edrodu lu\u017en\u00fdch lesov a l\u00fak v okol\u00ed \u010cunova, \u010di pochopi\u0165 \u0161ir\u0161\u00ed kontext ochrany<br \/>\n\u00fazem\u00ed a ohrozen\u00fdch druhov v podmienkach Slovenska. Va\u0161a sp\u00e4tn\u00e1 v\u00e4zba n\u00e1m pom\u00f4\u017ee<br \/>\nvytv\u00e1ra\u0165 st\u00e1le lep\u0161ie programy, na mieru \u0161it\u00e9 de\u0165om.<\/p>\n<p>Programy, ktor\u00e9 organizuje DAPHNE - In\u0161tit\u00fat aplikovanej ekol\u00f3gie a \u0160t\u00e1tna ochrana pr\u00edrody SR, si m\u00f4\u017eete na mesiac september\/okt\u00f3ber 2023. Stiahnite si ich tu:<\/p>\n<p><a href=\"https:\/\/daphne.sk\/wp-content\/uploads\/2013\/12\/Ecoregion-ponuka-MS_JAR22.pdf\" target=\"_blank\" rel=\"noopener\">Programy pre matersk\u00e9 \u0161koly<\/a><\/p>\n<p><a href=\"https:\/\/daphne.sk\/wp-content\/uploads\/2013\/12\/Ecoregion-ponuka-ZS_JAR22.pdf\" target=\"_blank\" rel=\"noopener\">Programy pre z\u00e1kladn\u00e9 \u0161koly<\/a><\/p>\n<p><a href=\"https:\/\/daphne.sk\/wp-content\/uploads\/2013\/12\/Ecoregion-ponuka-SS_JAR22_nove-foto.pdf\" target=\"_blank\" rel=\"noopener\">Programy pre stredn\u00e9 \u0161koly\u00a0<\/a><\/p>\n<p><a href=\"https:\/\/daphne.sk\/wp-content\/uploads\/2013\/12\/Ecoregion-ponuka-VS_JAR22.pdf\" target=\"_blank\" rel=\"noopener\">Programy pre vysok\u00e9 \u0161koly<\/a><\/p>\n<p><strong>Partneri v projekte:<\/strong><\/p>\n<p>Slovensko: Bratislavsk\u00fd samospr\u00e1vny kraj, In\u0161tit\u00fat aplikovanej ekol\u00f3gie DAPHNE, \u0160t\u00e1tna ochrany pr\u00edrody SR<\/p>\n<p>Rak\u00fasko: NP Donau-Auen,\u00a0 NP Neusiedler See-Seewinkel, rak\u00fasky regi\u00f3n Marchfeld<\/p>\n<p>Projekt s akronymom Ecoregion SKAT\u00a0 je spolufinancovan\u00fd z Programu spolupr\u00e1ce INTERREG V-A Slovensk\u00e1 republika \u2013 Rak\u00fasko, z Eur\u00f3pskeho fondu region\u00e1lneho rozvoja.<\/p>\n<p><img decoding=\"async\" class=\"alignnone wp-image-15850\" src=\"https:\/\/daphne.sk\/wp-content\/uploads\/2021\/07\/interreg_Slovakia-Austria_EU_web2x-1024x194.png\" alt=\"\" width=\"417\" height=\"79\" \/><\/p>\n","protected":false},"excerpt":{"rendered":"<p>Ka\u0161tie\u013e v \u010cunove sa men\u00ed na ekocentrum. Prebieha rekon\u0161trukcia objektu, tvorba interakt\u00edvnej expoz\u00edcie a \u00faprava z\u00e1hrady. Ekocentrum \u010cunovo u\u017e v roku 2023 priv\u00edta vo svojich priestoroch \u0161koly a verejnos\u0165. Dovtedy priprav\u00edme pre \u0161koly z\u00e1\u017eitkov\u00e9 programy a zauj\u00edmav\u00e9 exkurzie, ktor\u00e9 v \u00fa\u010dastn\u00edkoch prebudia z\u00e1ujem o pr\u00edrodu, posilnia soci\u00e1lne v\u00e4zby v kolekt\u00edve a podporia empatiu a re\u0161pekt<\/p>\n","protected":false},"author":1,"featured_media":16284,"comment_status":"closed","ping_status":"open","sticky":false,"template":"","format":"standard","meta":{"_uag_custom_page_level_css":"","_jetpack_memberships_contains_paid_content":false,"footnotes":""},"categories":[1,3],"tags":[],"kategoria-bigling":[],"class_list":["post-16280","post","type-post","status-publish","format-standard","has-post-thumbnail","hentry","category-uncategorized","category-aktuality"],"jetpack_featured_media_url":"https:\/\/daphne.sk\/wp-content\/uploads\/2021\/10\/IMG_2616-1.jpg","uagb_featured_image_src":{"full":["https:\/\/daphne.sk\/wp-content\/uploads\/2021\/10\/IMG_2616-1.jpg",1067,800,false],"thumbnail":["https:\/\/daphne.sk\/wp-content\/uploads\/2021\/10\/IMG_2616-1-150x150.jpg",150,150,true],"medium":["https:\/\/daphne.sk\/wp-content\/uploads\/2021\/10\/IMG_2616-1-300x225.jpg",300,225,true],"medium_large":["https:\/\/daphne.sk\/wp-content\/uploads\/2021\/10\/IMG_2616-1-768x576.jpg",768,576,true],"large":["https:\/\/daphne.sk\/wp-content\/uploads\/2021\/10\/IMG_2616-1-1024x768.jpg",1024,768,true],"1536x1536":["https:\/\/daphne.sk\/wp-content\/uploads\/2021\/10\/IMG_2616-1.jpg",1067,800,false],"2048x2048":["https:\/\/daphne.sk\/wp-content\/uploads\/2021\/10\/IMG_2616-1.jpg",1067,800,false],"woocommerce_thumbnail":["https:\/\/daphne.sk\/wp-content\/uploads\/2021\/10\/IMG_2616-1-450x450.jpg",450,450,true]},"uagb_author_info":{"display_name":"admin","author_link":"https:\/\/daphne.sk\/de\/author\/admin\/"},"uagb_comment_info":0,"uagb_excerpt":"Ka\u0161tie\u013e v \u010cunove sa men\u00ed na ekocentrum. Prebieha rekon\u0161trukcia objektu, tvorba interakt\u00edvnej expoz\u00edcie a \u00faprava z\u00e1hrady. Ekocentrum \u010cunovo u\u017e v roku 2023 priv\u00edta vo svojich priestoroch \u0161koly a verejnos\u0165. Dovtedy priprav\u00edme pre \u0161koly z\u00e1\u017eitkov\u00e9 programy a zauj\u00edmav\u00e9 exkurzie, ktor\u00e9 v \u00fa\u010dastn\u00edkoch prebudia z\u00e1ujem o pr\u00edrodu, posilnia soci\u00e1lne v\u00e4zby v kolekt\u00edve a podporia empatiu a re\u0161pekt","jetpack_sharing_enabled":true,"meta_box":{"canky":false,"feature_image_off":""},"_links":{"self":[{"href":"https:\/\/daphne.sk\/de\/wp-json\/wp\/v2\/posts\/16280","targetHints":{"allow":["GET"]}}],"collection":[{"href":"https:\/\/daphne.sk\/de\/wp-json\/wp\/v2\/posts"}],"about":[{"href":"https:\/\/daphne.sk\/de\/wp-json\/wp\/v2\/types\/post"}],"author":[{"embeddable":true,"href":"https:\/\/daphne.sk\/de\/wp-json\/wp\/v2\/users\/1"}],"replies":[{"embeddable":true,"href":"https:\/\/daphne.sk\/de\/wp-json\/wp\/v2\/comments?post=16280"}],"version-history":[{"count":4,"href":"https:\/\/daphne.sk\/de\/wp-json\/wp\/v2\/posts\/16280\/revisions"}],"predecessor-version":[{"id":25185,"href":"https:\/\/daphne.sk\/de\/wp-json\/wp\/v2\/posts\/16280\/revisions\/25185"}],"wp:featuredmedia":[{"embeddable":true,"href":"https:\/\/daphne.sk\/de\/wp-json\/wp\/v2\/media\/16284"}],"wp:attachment":[{"href":"https:\/\/daphne.sk\/de\/wp-json\/wp\/v2\/media?parent=16280"}],"wp:term":[{"taxonomy":"category","embeddable":true,"href":"https:\/\/daphne.sk\/de\/wp-json\/wp\/v2\/categories?post=16280"},{"taxonomy":"post_tag","embeddable":true,"href":"https:\/\/daphne.sk\/de\/wp-json\/wp\/v2\/tags?post=16280"},{"taxonomy":"kategoria-bigling","embeddable":true,"href":"https:\/\/daphne.sk\/de\/wp-json\/wp\/v2\/kategoria-bigling?post=16280"}],"curies":[{"name":"wp","href":"https:\/\/api.w.org\/{rel}","templated":true}]}}