{"id":16314,"date":"2021-10-08T13:39:06","date_gmt":"2021-10-08T11:39:06","guid":{"rendered":"https:\/\/daphne.sk\/?p=16314"},"modified":"2022-10-01T04:11:46","modified_gmt":"2022-10-01T04:11:46","slug":"navsteva-ekocentier-v-rakusku","status":"publish","type":"post","link":"https:\/\/daphne.sk\/de\/navsteva-ekocentier-v-rakusku\/","title":{"rendered":"N\u00e1v\u0161teva ekocentier v Rak\u00fasku"},"content":{"rendered":"<p>V septembri sme v\u010faka spolupr\u00e1ci v\u00a0r\u00e1mci projektu \u201eCITYNATURE\u201c mohli nav\u0161t\u00edvi\u0165 a\u00a0bli\u017e\u0161ie spozna\u0165 2 ekocetr\u00e1 v\u00a0Rak\u00fasku.<\/p>\n<p>Prv\u00fdm z\u00a0nich bola<strong> lesn\u00e1 \u0161kola \u201e<a href=\"https:\/\/www.wien.gv.at\/stadtplan\/grafik.aspx?lang=de-AT&amp;bookmark=id3OReV4Oka8xQZFIQR8RO5RphlRnKnmkev2pn4Mpr4C&amp;bmadr=44227852\">Waldschule Ottakring<\/a>\u201c<\/strong> vo Viedni, ktor\u00e1 funguje od roku 1998. Ro\u010dne nav\u0161t\u00edvi lesn\u00fa \u0161kolu 5\u00a0000 \u017eiakov a\u00a0\u017eia\u010dok. Program trv\u00e1 6 hod\u00edn a\u00a0je zameran\u00fd na pobyt v\u00a0pr\u00edrode. Po\u010das prech\u00e1dzky spozn\u00e1vaj\u00fa les a\u00a0jeho obyvate\u013eov \u2013 napr\u00edklad chrob\u00e1kov pomocou lupy, star\u00e9 kmene stromov, \u010fatle, \u010di dozvedia sa viac o\u00a0lesn\u00fdch poschodiach. Vo vn\u00fatri ekocentra sa nach\u00e1dzaj\u00fa vypreparovan\u00e9 \u017eivo\u010d\u00edchy a\u00a0n\u00e1v\u0161tevn\u00edci m\u00f4\u017eu vidie\u0165 ich skuto\u010dn\u00e9 ve\u013ekosti, vzh\u013ead peria, \u010di jemnos\u0165\/drsnos\u0165 srsti. Mnoh\u00e9 deti sa dostan\u00fa do skuto\u010dn\u00e9ho lesa po prv\u00fd kr\u00e1t. Na z\u00e1ver je opeka\u010dka, na ktor\u00fa si pripravia drevo spolo\u010dne. Zimn\u00e1 exkurzia je \u0161tvorhodinov\u00e1 a\u00a0sklad\u00e1 sa zo zimnej prech\u00e1dzky, zozn\u00e1menia sa s lesn\u00fdmi zvieratami v lesnej \u0161kole a\u00a0v\u00fdroby lesn\u00fdch duchov \u010di dreven\u00fdch obr\u00e1zkov v \u00a0dielni na drevo.<\/p>\n<p><img decoding=\"async\" class=\"wp-image-16316 alignleft\" src=\"https:\/\/daphne.sk\/wp-content\/uploads\/2021\/10\/IMG_0379-1024x861.jpg\" alt=\"\" width=\"318\" height=\"267\" \/><img decoding=\"async\" class=\"wp-image-16317 alignright\" src=\"https:\/\/daphne.sk\/wp-content\/uploads\/2021\/10\/IMG_0393-1024x768.jpg\" alt=\"\" width=\"340\" height=\"255\" \/> <img decoding=\"async\" class=\"wp-image-16318 alignright\" src=\"https:\/\/daphne.sk\/wp-content\/uploads\/2021\/10\/IMG_0406-1024x768.jpg\" alt=\"\" width=\"343\" height=\"257\" \/> <img decoding=\"async\" class=\"alignnone  wp-image-16319\" src=\"https:\/\/daphne.sk\/wp-content\/uploads\/2021\/10\/55ae9411-3589-409f-8d0e-7029a67da17b.jpg\" alt=\"\" width=\"327\" height=\"245\" \/><\/p>\n<p>Fotografie si pozrite aj <a href=\"https:\/\/www.austriasites.com\/vienna\/bezirk16_waldschule_ottakring.htm\">TU<\/a>.<\/p>\n<p>Ved\u013ea lesnej \u0161koly sa nach\u00e1dza vyhliadkov\u00e1 ve\u017ea, z\u00a0ktorej uvid\u00edte Viedensk\u00fd les a\u00a0Viede\u0148.<\/p>\n<p>Druh\u00e9 nav\u0161t\u00edven\u00e9 ekocentrum, <strong>\u201e<a href=\"https:\/\/www.donauauen.at\/sk\/besuchen\/nationalparkhaus-wien-lobau\">Nationalparkhaus wien-lobAU<\/a>\u201c \u2013 Dom n\u00e1rodn\u00e9ho parku Viede\u0148<\/strong> \u2013 Lobau, je z\u00e1rove\u0148 vstupnou br\u00e1nou do N\u00e1rodn\u00e9ho parku Donau-Auen. Vo vn\u00fatri sa nach\u00e1dza interakt\u00edvna v\u00fdstava \u2013 aj v\u00a0slovenskom jazyku. N\u00e1v\u0161tevn\u00edkov sprev\u00e1dza r\u00f4znymi zvukmi a\u00a0inform\u00e1ciami o\u00a0pr\u00edrode v\u00a0lu\u017enej krajine. Priestor pre v\u00fdu\u010dbu je v\u00a0u\u010debniach na poschod\u00ed, kde s\u00fa tie\u017e vypreparovan\u00e9 \u017eivo\u010d\u00edchy. Z\u00e1hrada Domu n\u00e1rodn\u00e9ho parku je roz\u013eahl\u00e1 \u2013 n\u00e1jdete v nej okrem ihriska aj pr\u00edjemn\u00e9 posedenia a\u00a0jedno mal\u00e9 a\u00a0jedno v\u00e4\u010d\u0161ie jazero. Programy s\u00fa krat\u0161ie, ako v\u00a0lesnej \u0161kole a\u00a0exkurzie do lu\u017en\u00e9ho lesa s\u00fa rovnako ve\u013emi ob\u013e\u00faben\u00e9.<\/p>\n<p><img decoding=\"async\" class=\"alignnone  wp-image-16315\" src=\"https:\/\/daphne.sk\/wp-content\/uploads\/2021\/10\/IMG_0416-1024x768.jpg\" alt=\"\" width=\"305\" height=\"228\" \/><img decoding=\"async\" class=\"wp-image-16320 alignright\" src=\"https:\/\/daphne.sk\/wp-content\/uploads\/2021\/10\/IMG_0417-1024x768.jpg\" alt=\"\" width=\"301\" height=\"226\" \/><\/p>\n<p>&nbsp;<\/p>\n<p>V\u00a0oboch ekocentr\u00e1ch je program pre \u0161koly bezplatn\u00fd, nako\u013eko obe centr\u00e1 s\u00fa finan\u010dne podporovan\u00e9 z\u00a0verejn\u00fdch prostriedkov.<\/p>\n<p>&nbsp;<\/p>\n<p><img decoding=\"async\" class=\"alignnone  wp-image-15850\" src=\"https:\/\/daphne.sk\/wp-content\/uploads\/2021\/07\/interreg_Slovakia-Austria_EU_web2x-1024x194.png\" alt=\"\" width=\"491\" height=\"93\" \/><\/p>\n<p>Projekt CITYNATURE je realizovan\u00fd z programu spolupr\u00e1ce Interreg V-A Slovakia-Austria. Na Slovensku sa do aktiv\u00edt projektu zap\u00e1jaj\u00fa Mestsk\u00e9 lesy v Bratislave a In\u0161tit\u00fat aplikovanej ekol\u00f3gie Daphne, v Rak\u00fasku Viedensk\u00e9 oddelenie ochrany \u017eivotn\u00e9ho prostredia (MA 22).<\/p>\n<p>Exkurzie do Rak\u00faska sa z\u00fa\u010dastnili aj z\u00e1stupkyne a z\u00e1stupcovia z\u00a0Ministerstva \u017eivotn\u00e9ho prostredia, Bratislavsk\u00e9ho samospr\u00e1vneho kraja, Magistr\u00e1tu Bratislavy, Ekocentra v\u00a0Dev\u00ednskej Novej Vsi, \u0160t\u00e1tnej ochrany pr\u00edrody SR, Slovenskej agent\u00fary \u017eivotn\u00e9ho prostredia a\u00a0Bratislavsk\u00e9ho region\u00e1lneho ochran\u00e1rskeho zdru\u017eenia.<\/p>\n","protected":false},"excerpt":{"rendered":"<p>V septembri sme v\u010faka spolupr\u00e1ci v\u00a0r\u00e1mci projektu \u201eCITYNATURE\u201c mohli nav\u0161t\u00edvi\u0165 a\u00a0bli\u017e\u0161ie spozna\u0165 2 ekocetr\u00e1 v\u00a0Rak\u00fasku. Prv\u00fdm z\u00a0nich bola lesn\u00e1 \u0161kola \u201eWaldschule Ottakring\u201c vo Viedni, ktor\u00e1 funguje od roku 1998. Ro\u010dne nav\u0161t\u00edvi lesn\u00fa \u0161kolu 5\u00a0000 \u017eiakov a\u00a0\u017eia\u010dok. Program trv\u00e1 6 hod\u00edn a\u00a0je zameran\u00fd na pobyt v\u00a0pr\u00edrode. Po\u010das prech\u00e1dzky spozn\u00e1vaj\u00fa les a\u00a0jeho obyvate\u013eov \u2013 napr\u00edklad chrob\u00e1kov pomocou<\/p>\n","protected":false},"author":1,"featured_media":16315,"comment_status":"closed","ping_status":"open","sticky":false,"template":"","format":"standard","meta":{"_uag_custom_page_level_css":"","_jetpack_memberships_contains_paid_content":false,"footnotes":""},"categories":[1,3],"tags":[],"kategoria-bigling":[],"class_list":["post-16314","post","type-post","status-publish","format-standard","has-post-thumbnail","hentry","category-uncategorized","category-aktuality"],"jetpack_featured_media_url":"https:\/\/daphne.sk\/wp-content\/uploads\/2021\/10\/IMG_0416-scaled-1.jpg","uagb_featured_image_src":{"full":["https:\/\/daphne.sk\/wp-content\/uploads\/2021\/10\/IMG_0416-scaled-1.jpg",2560,1920,false],"thumbnail":["https:\/\/daphne.sk\/wp-content\/uploads\/2021\/10\/IMG_0416-scaled-1-150x150.jpg",150,150,true],"medium":["https:\/\/daphne.sk\/wp-content\/uploads\/2021\/10\/IMG_0416-scaled-1-300x225.jpg",300,225,true],"medium_large":["https:\/\/daphne.sk\/wp-content\/uploads\/2021\/10\/IMG_0416-scaled-1-768x576.jpg",768,576,true],"large":["https:\/\/daphne.sk\/wp-content\/uploads\/2021\/10\/IMG_0416-scaled-1-1024x768.jpg",1024,768,true],"1536x1536":["https:\/\/daphne.sk\/wp-content\/uploads\/2021\/10\/IMG_0416-scaled-1-1536x1152.jpg",1536,1152,true],"2048x2048":["https:\/\/daphne.sk\/wp-content\/uploads\/2021\/10\/IMG_0416-scaled-1-2048x1536.jpg",2048,1536,true],"woocommerce_thumbnail":["https:\/\/daphne.sk\/wp-content\/uploads\/2021\/10\/IMG_0416-scaled-1-450x450.jpg",450,450,true]},"uagb_author_info":{"display_name":"admin","author_link":"https:\/\/daphne.sk\/de\/author\/admin\/"},"uagb_comment_info":0,"uagb_excerpt":"V septembri sme v\u010faka spolupr\u00e1ci v\u00a0r\u00e1mci projektu \u201eCITYNATURE\u201c mohli nav\u0161t\u00edvi\u0165 a\u00a0bli\u017e\u0161ie spozna\u0165 2 ekocetr\u00e1 v\u00a0Rak\u00fasku. Prv\u00fdm z\u00a0nich bola lesn\u00e1 \u0161kola \u201eWaldschule Ottakring\u201c vo Viedni, ktor\u00e1 funguje od roku 1998. Ro\u010dne nav\u0161t\u00edvi lesn\u00fa \u0161kolu 5\u00a0000 \u017eiakov a\u00a0\u017eia\u010dok. Program trv\u00e1 6 hod\u00edn a\u00a0je zameran\u00fd na pobyt v\u00a0pr\u00edrode. Po\u010das prech\u00e1dzky spozn\u00e1vaj\u00fa les a\u00a0jeho obyvate\u013eov \u2013 napr\u00edklad chrob\u00e1kov pomocou","jetpack_sharing_enabled":true,"meta_box":{"canky":false,"feature_image_off":""},"_links":{"self":[{"href":"https:\/\/daphne.sk\/de\/wp-json\/wp\/v2\/posts\/16314","targetHints":{"allow":["GET"]}}],"collection":[{"href":"https:\/\/daphne.sk\/de\/wp-json\/wp\/v2\/posts"}],"about":[{"href":"https:\/\/daphne.sk\/de\/wp-json\/wp\/v2\/types\/post"}],"author":[{"embeddable":true,"href":"https:\/\/daphne.sk\/de\/wp-json\/wp\/v2\/users\/1"}],"replies":[{"embeddable":true,"href":"https:\/\/daphne.sk\/de\/wp-json\/wp\/v2\/comments?post=16314"}],"version-history":[{"count":1,"href":"https:\/\/daphne.sk\/de\/wp-json\/wp\/v2\/posts\/16314\/revisions"}],"predecessor-version":[{"id":20056,"href":"https:\/\/daphne.sk\/de\/wp-json\/wp\/v2\/posts\/16314\/revisions\/20056"}],"wp:featuredmedia":[{"embeddable":true,"href":"https:\/\/daphne.sk\/de\/wp-json\/wp\/v2\/media\/16315"}],"wp:attachment":[{"href":"https:\/\/daphne.sk\/de\/wp-json\/wp\/v2\/media?parent=16314"}],"wp:term":[{"taxonomy":"category","embeddable":true,"href":"https:\/\/daphne.sk\/de\/wp-json\/wp\/v2\/categories?post=16314"},{"taxonomy":"post_tag","embeddable":true,"href":"https:\/\/daphne.sk\/de\/wp-json\/wp\/v2\/tags?post=16314"},{"taxonomy":"kategoria-bigling","embeddable":true,"href":"https:\/\/daphne.sk\/de\/wp-json\/wp\/v2\/kategoria-bigling?post=16314"}],"curies":[{"name":"wp","href":"https:\/\/api.w.org\/{rel}","templated":true}]}}