{"id":30800,"date":"2025-03-04T15:11:14","date_gmt":"2025-03-04T15:11:14","guid":{"rendered":"https:\/\/daphne.sk\/fruhlingserwachen-mit-der-initiative-living-bratislava\/"},"modified":"2025-04-08T07:07:53","modified_gmt":"2025-04-08T07:07:53","slug":"fruhlingserwachen-mit-der-initiative-living-bratislava","status":"publish","type":"post","link":"https:\/\/daphne.sk\/de\/fruhlingserwachen-mit-der-initiative-living-bratislava\/","title":{"rendered":"Fr\u00fchlingserwachen mit der Initiative Lebendiges Bratislava"},"content":{"rendered":"\r\n<h3 class=\"wp-block-heading\"><strong>V\u00fdzva na marec :<\/strong><\/h3>\r\n\r\n\r\n\r\n<p>Pr\u00edroda sa pomaly preb\u00fadza zo zimn\u00e9ho sp\u00e1nku. Tieto dni m\u00f4\u017eeme objavova\u0165 prv\u00e9 n\u00e1znaky jari \u2013 kvitn\u00facich byl\u00edn, farebn\u00fdch mot\u00fd\u013eov \u010di in\u00fdch preb\u00fadzaj\u00facich sa \u017eivo\u010d\u00edchov.<\/p>\r\n\r\n\r\n\r\n<p><!--more--><\/p>\r\n\r\n\r\n\r\n<p>Pridajte sa k n\u00e1m v r\u00e1mci \u00a0iniciat\u00edvy ob\u010dianskej vedy s n\u00e1zvom <strong>\u017div\u00e1 Bratislava<\/strong> a objavujme spolu t\u00fato kr\u00e1snu premenu pr\u00edrody. \u00a0<\/p>\r\n\r\n\r\n\r\n<p>Va\u0161e pozorovania si m\u00f4\u017eete spestri\u0165 hrav\u00fdmi aktivitami pre deti - n\u00e1jdete ich v ka\u017edej v\u00fdzve po\u010das cel\u00e9ho roka v podobe pracovn\u00e9ho listu .\u00a0<\/p>\r\n\r\n\r\n\r\n<h3 class=\"wp-block-heading\">Rastliny<\/h3>\r\n\r\n\r\n\r\n<p><strong>\u010co pr\u00e1ve kvitne? Pozorujte rastliny vo svojom okol\u00ed.<\/strong>\u00a0<\/p>\r\n\r\n\r\n\r\n<div class=\"wp-block-media-text is-stacked-on-mobile\">\r\n<figure class=\"wp-block-media-text__media\"><img decoding=\"async\" width=\"300\" height=\"199\" class=\"wp-image-30377 size-full\" src=\"https:\/\/daphne.sk\/wp-content\/uploads\/2025\/02\/Blyskac_jarny-300x199.jpg\" alt=\"\" srcset=\"https:\/\/daphne.sk\/wp-content\/uploads\/2025\/02\/Blyskac_jarny-300x199.jpg 300w, https:\/\/daphne.sk\/wp-content\/uploads\/2025\/02\/Blyskac_jarny-1024x680.jpg 1024w, https:\/\/daphne.sk\/wp-content\/uploads\/2025\/02\/Blyskac_jarny-768x510.jpg 768w, https:\/\/daphne.sk\/wp-content\/uploads\/2025\/02\/Blyskac_jarny-1536x1020.jpg 1536w, https:\/\/daphne.sk\/wp-content\/uploads\/2025\/02\/Blyskac_jarny.jpg 1920w\" sizes=\"(max-width: 300px) 100vw, 300px\" \/><\/figure>\r\n<div class=\"wp-block-media-text__content\">\r\n<p><strong>Blysk\u00e1\u010d jarn\u00fd \/ <em>Ficaria verna<\/em><\/strong>: Trv\u00e1ca bylina s v\u00fdrazn\u00fdmi \u017elt\u00fdmi kvetmi na dlh\u00fdch stopk\u00e1ch. Leskl\u00e9 listy m\u00e1 srdcovito obli\u010dkovit\u00e9. Po zakvitnut\u00ed s\u00fa mierne jedovat\u00e9.\u00a0<\/p>\r\n<\/div>\r\n<\/div>\r\n\r\n\r\n\r\n<div class=\"wp-block-spacer\" style=\"height: 50px;\" aria-hidden=\"true\">\u00a0<\/div>\r\n\r\n\r\n\r\n<div class=\"wp-block-media-text is-stacked-on-mobile\">\r\n<figure class=\"wp-block-media-text__media\"><img decoding=\"async\" width=\"1024\" height=\"680\" class=\"wp-image-30378 size-full\" src=\"https:\/\/daphne.sk\/wp-content\/uploads\/2025\/02\/Chochlacka_duta_1-1024x680.jpg\" alt=\"\" srcset=\"https:\/\/daphne.sk\/wp-content\/uploads\/2025\/02\/Chochlacka_duta_1-1024x680.jpg 1024w, https:\/\/daphne.sk\/wp-content\/uploads\/2025\/02\/Chochlacka_duta_1-300x199.jpg 300w, https:\/\/daphne.sk\/wp-content\/uploads\/2025\/02\/Chochlacka_duta_1-768x510.jpg 768w, https:\/\/daphne.sk\/wp-content\/uploads\/2025\/02\/Chochlacka_duta_1-1536x1020.jpg 1536w, https:\/\/daphne.sk\/wp-content\/uploads\/2025\/02\/Chochlacka_duta_1.jpg 2048w\" sizes=\"(max-width: 1024px) 100vw, 1024px\" \/><\/figure>\r\n<div class=\"wp-block-media-text__content\">\r\n<p><strong>Chochla\u010dka dut\u00e1 \/ <em>Corydalis cava<\/em><\/strong>: Podzemnou \u010das\u0165ou chochla\u010dky je dut\u00e1 h\u013euza. Dut\u00e1 je preto, lebo odspodu odumiera. Po\u010det kvetov je 10-20 a medzi kvetmi s\u00fa celistvookrajov\u00e9 listene. Je to n\u00e1\u0161 najbe\u017enej\u0161\u00ed druh. Na rastline \u017eij\u00fa h\u00fasenice jedn\u00e9ho z na\u0161ich chr\u00e1nen\u00fdch mot\u00fd\u013eov \u2013 jaso\u0148a chochla\u010dkov\u00e9ho.\u00a0<\/p>\r\n<\/div>\r\n<\/div>\r\n\r\n\r\n\r\n<div class=\"wp-block-spacer\" style=\"height: 50px;\" aria-hidden=\"true\">\u00a0<\/div>\r\n\r\n\r\n\r\n<div class=\"wp-block-media-text is-stacked-on-mobile\">\r\n<figure class=\"wp-block-media-text__media\"><img decoding=\"async\" width=\"1024\" height=\"579\" class=\"wp-image-30379 size-full\" src=\"https:\/\/daphne.sk\/wp-content\/uploads\/2025\/02\/Drien_obycajny-1024x579.jpg\" alt=\"\" srcset=\"https:\/\/daphne.sk\/wp-content\/uploads\/2025\/02\/Drien_obycajny-1024x579.jpg 1024w, https:\/\/daphne.sk\/wp-content\/uploads\/2025\/02\/Drien_obycajny-300x170.jpg 300w, https:\/\/daphne.sk\/wp-content\/uploads\/2025\/02\/Drien_obycajny-768x434.jpg 768w, https:\/\/daphne.sk\/wp-content\/uploads\/2025\/02\/Drien_obycajny-1536x868.jpg 1536w, https:\/\/daphne.sk\/wp-content\/uploads\/2025\/02\/Drien_obycajny.jpg 1920w\" sizes=\"(max-width: 1024px) 100vw, 1024px\" \/><\/figure>\r\n<div class=\"wp-block-media-text__content\">\r\n<p><strong>Drie\u0148 oby\u010dajn\u00fd \/ <em>Cornus mas<\/em><\/strong>: Ker alebo krovit\u00fd strom vyrastaj\u00faci do v\u00fd\u0161ky 2-6 m. Za\u010d\u00edna kvitn\u00fa\u0165 u\u017e koncom febru\u00e1ra a jeho \u017elt\u00e9 kvietky s\u00fa prv\u00fdm zdrojom pe\u013eu a sladk\u00e9ho nekt\u00e1ru pre ope\u013eova\u010de. Plody sa pou\u017e\u00edvaj\u00fa na v\u00fdrobu d\u017eemov, sirupov ale aj k priamej konzum\u00e1cii. Je zdrojom ve\u013ek\u00e9ho mno\u017estva vitam\u00ednu C.\u00a0\u00a0<\/p>\r\n<\/div>\r\n<\/div>\r\n\r\n\r\n\r\n<div class=\"wp-block-spacer\" style=\"height: 50px;\" aria-hidden=\"true\">\u00a0<\/div>\r\n\r\n\r\n\r\n<div class=\"wp-block-media-text is-stacked-on-mobile\">\r\n<figure class=\"wp-block-media-text__media\"><img decoding=\"async\" width=\"1024\" height=\"768\" class=\"wp-image-30380 size-full\" src=\"https:\/\/daphne.sk\/wp-content\/uploads\/2025\/02\/coltsfoot-3272926_1920-1024x768.jpg\" alt=\"\" srcset=\"https:\/\/daphne.sk\/wp-content\/uploads\/2025\/02\/coltsfoot-3272926_1920-1024x768.jpg 1024w, https:\/\/daphne.sk\/wp-content\/uploads\/2025\/02\/coltsfoot-3272926_1920-300x225.jpg 300w, https:\/\/daphne.sk\/wp-content\/uploads\/2025\/02\/coltsfoot-3272926_1920-768x576.jpg 768w, https:\/\/daphne.sk\/wp-content\/uploads\/2025\/02\/coltsfoot-3272926_1920-1536x1152.jpg 1536w, https:\/\/daphne.sk\/wp-content\/uploads\/2025\/02\/coltsfoot-3272926_1920.jpg 1920w\" sizes=\"(max-width: 1024px) 100vw, 1024px\" \/><\/figure>\r\n<div class=\"wp-block-media-text__content\">\r\n<p><strong>Podbe\u013e lie\u010div\u00fd \/ <em>Tussilago farfara<\/em><\/strong>: Lie\u010div\u00e1 rastlina so \u017elt\u00fdmi kvetmi. Listy za\u010d\u00ednaj\u00fa r\u00e1s\u0165 a\u017e po odkvitnut\u00ed. Kvety a listy sa pou\u017e\u00edvaj\u00fa pri z\u00e1paloch horn\u00fdch d\u00fdchac\u00edch ciest k lep\u0161iemu odka\u0161liavaniu a na potla\u010denie z\u00e1palov.\u00a0<\/p>\r\n<\/div>\r\n<\/div>\r\n\r\n\r\n\r\n<div class=\"wp-block-spacer\" style=\"height: 50px;\" aria-hidden=\"true\">\u00a0<\/div>\r\n\r\n\r\n\r\n<p>&nbsp;<\/p>\r\n\r\n\r\n\r\n<h3 class=\"wp-block-heading\">\u017divo\u010d\u00edchy<\/h3>\r\n\r\n\r\n\r\n<p><strong>Ak\u00ed obyvatelia sa za\u010d\u00ednaj\u00fa v pr\u00edrode objavova\u0165? Pozorujte \u017eivo\u010d\u00edchy vo svojom okol\u00ed.<\/strong>\u00a0<\/p>\r\n\r\n\r\n\r\n<div class=\"wp-block-media-text is-stacked-on-mobile\">\r\n<figure class=\"wp-block-media-text__media\"><img decoding=\"async\" width=\"1024\" height=\"678\" class=\"wp-image-30381 size-full\" src=\"https:\/\/daphne.sk\/wp-content\/uploads\/2025\/02\/butterfly-401868_1920-1024x678.jpg\" alt=\"\" srcset=\"https:\/\/daphne.sk\/wp-content\/uploads\/2025\/02\/butterfly-401868_1920-1024x678.jpg 1024w, https:\/\/daphne.sk\/wp-content\/uploads\/2025\/02\/butterfly-401868_1920-300x199.jpg 300w, https:\/\/daphne.sk\/wp-content\/uploads\/2025\/02\/butterfly-401868_1920-768x509.jpg 768w, https:\/\/daphne.sk\/wp-content\/uploads\/2025\/02\/butterfly-401868_1920-1536x1018.jpg 1536w, https:\/\/daphne.sk\/wp-content\/uploads\/2025\/02\/butterfly-401868_1920.jpg 1920w\" sizes=\"(max-width: 1024px) 100vw, 1024px\" \/><\/figure>\r\n<div class=\"wp-block-media-text__content\">\r\n<p><strong>\u017dlt\u00e1\u010dik re\u0161etliakov\u00fd \/ <em>Gonepteryx rhamni<\/em><\/strong>: Lieta ako jeden z prv\u00fdch mot\u00fd\u013eov na jar, p\u00f4sob\u00ed krehko, ale je nesmierne odoln\u00fd. Prezimuje pod l\u00edst\u00edm v\u202f\u0161t\u00e1diu dospelca, vydr\u017e\u00ed mr\u00e1z aj sneh a\u202fs\u202fjarn\u00fdm oteplen\u00edm sa preb\u00fadza. Dospel\u00e9 mot\u00fdle \u017eij\u00fa najdlh\u0161ie zo v\u0161etk\u00fdch na\u0161ich mot\u00fd\u013eov \u2013 a\u017e 11 mesiacov. \u00a0<\/p>\r\n<\/div>\r\n<\/div>\r\n\r\n\r\n\r\n<div class=\"wp-block-spacer\" style=\"height: 50px;\" aria-hidden=\"true\">\u00a0<\/div>\r\n\r\n\r\n\r\n<div class=\"wp-block-media-text is-stacked-on-mobile\">\r\n<figure class=\"wp-block-media-text__media\"><img decoding=\"async\" width=\"1024\" height=\"683\" class=\"wp-image-30382 size-full\" src=\"https:\/\/daphne.sk\/wp-content\/uploads\/2025\/02\/dor-beetle-5709216_1920-1024x683.jpg\" alt=\"\" srcset=\"https:\/\/daphne.sk\/wp-content\/uploads\/2025\/02\/dor-beetle-5709216_1920-1024x683.jpg 1024w, https:\/\/daphne.sk\/wp-content\/uploads\/2025\/02\/dor-beetle-5709216_1920-300x200.jpg 300w, https:\/\/daphne.sk\/wp-content\/uploads\/2025\/02\/dor-beetle-5709216_1920-768x512.jpg 768w, https:\/\/daphne.sk\/wp-content\/uploads\/2025\/02\/dor-beetle-5709216_1920-1536x1024.jpg 1536w, https:\/\/daphne.sk\/wp-content\/uploads\/2025\/02\/dor-beetle-5709216_1920.jpg 1920w\" sizes=\"(max-width: 1024px) 100vw, 1024px\" \/><\/figure>\r\n<div class=\"wp-block-media-text__content\">\r\n<p><strong>Lajniak oby\u010dajn\u00fd \/ <em>Geotrupes stercorarius<\/em><\/strong>: Telo m\u00e1 tvrd\u00e9, obl\u00e9 a tmav\u00e9. Larvy sa \u017eivia trusom bylino\u017erav\u00fdch zvierat. Na rozdiel od sami\u010diek maj\u00fa sam\u010dekovia na noh\u00e1ch tzv. \u201czuby\u201d, ktor\u00e9 im pom\u00e1haj\u00fa pri preprave trusu.\u00a0<\/p>\r\n<\/div>\r\n<\/div>\r\n\r\n\r\n\r\n<div class=\"wp-block-spacer\" style=\"height: 50px;\" aria-hidden=\"true\">\u00a0<\/div>\r\n\r\n\r\n\r\n<div class=\"wp-block-media-text is-stacked-on-mobile\">\r\n<figure class=\"wp-block-media-text__media\"><img decoding=\"async\" width=\"1024\" height=\"768\" class=\"wp-image-30383 size-full\" src=\"https:\/\/daphne.sk\/wp-content\/uploads\/2025\/02\/beetle-6915054_1920-1024x768.jpg\" alt=\"\" srcset=\"https:\/\/daphne.sk\/wp-content\/uploads\/2025\/02\/beetle-6915054_1920-1024x768.jpg 1024w, https:\/\/daphne.sk\/wp-content\/uploads\/2025\/02\/beetle-6915054_1920-300x225.jpg 300w, https:\/\/daphne.sk\/wp-content\/uploads\/2025\/02\/beetle-6915054_1920-768x576.jpg 768w, https:\/\/daphne.sk\/wp-content\/uploads\/2025\/02\/beetle-6915054_1920-1536x1152.jpg 1536w, https:\/\/daphne.sk\/wp-content\/uploads\/2025\/02\/beetle-6915054_1920.jpg 1920w\" sizes=\"(max-width: 1024px) 100vw, 1024px\" \/><\/figure>\r\n<div class=\"wp-block-media-text__content\">\r\n<p><strong>Zlato\u0148 oby\u010dajn\u00fd \/ <em>Cetonia aurata<\/em><\/strong>: Farebne je premenliv\u00fd, krovky m\u00e1va svetlozelen\u00e9, zlatozelen\u00e9 a\u017e bronzov\u00e9. Lieta so zavret\u00fdmi krovkami, spodn\u00e9 kr\u00eddla vys\u00fava z pozd\u013a\u017enej \u0161trbinky v krovk\u00e1ch. Jeho larva (pandrava) je sto\u010den\u00e1 do p\u00edsmena C a \u010dasto sa zamie\u0148a s larvou chr\u00fasta.\u00a0<\/p>\r\n<\/div>\r\n<\/div>\r\n\r\n\r\n\r\n<div class=\"wp-block-spacer\" style=\"height: 50px;\" aria-hidden=\"true\">\u00a0<\/div>\r\n\r\n\r\n\r\n<div class=\"wp-block-media-text is-stacked-on-mobile\">\r\n<figure class=\"wp-block-media-text__media\"><img decoding=\"async\" width=\"1024\" height=\"768\" class=\"wp-image-30384 size-full\" src=\"https:\/\/daphne.sk\/wp-content\/uploads\/2025\/02\/black-blue-oil-beetle-6125_1920-1024x768.jpg\" alt=\"\" srcset=\"https:\/\/daphne.sk\/wp-content\/uploads\/2025\/02\/black-blue-oil-beetle-6125_1920-1024x768.jpg 1024w, https:\/\/daphne.sk\/wp-content\/uploads\/2025\/02\/black-blue-oil-beetle-6125_1920-300x225.jpg 300w, https:\/\/daphne.sk\/wp-content\/uploads\/2025\/02\/black-blue-oil-beetle-6125_1920-768x576.jpg 768w, https:\/\/daphne.sk\/wp-content\/uploads\/2025\/02\/black-blue-oil-beetle-6125_1920-1536x1152.jpg 1536w, https:\/\/daphne.sk\/wp-content\/uploads\/2025\/02\/black-blue-oil-beetle-6125_1920.jpg 1920w\" sizes=\"(max-width: 1024px) 100vw, 1024px\" \/><\/figure>\r\n<div class=\"wp-block-media-text__content\">\r\n<p><strong>M\u00e1jka fialov\u00e1 \/ <em>Meloe violaceus<\/em><\/strong>: Nemotorn\u00fd parazit \u2013 je \u010fal\u0161\u00edm znakom jari. Tento mierne nemotorn\u00fd chrob\u00e1k skoro na jar vylieza zo zeme. Akon\u00e1hle sa samica sp\u00e1ri so samcom, vykope do zeme jamku a nakladie vaj\u00ed\u010dka. Z vaj\u00ed\u010dok sa vyliahnu drobn\u00e9 oran\u017eov\u00e9 larvy. Larvy okam\u017eite vyh\u013eadaj\u00fa vrchol jarn\u00e9ho kvetu a \u010dakaj\u00fa na pr\u00edlet v\u010dely. Larvy sa prichytia na v\u010delu a nechaj\u00fa sa odnies\u0165 do v\u010delieho hniezda.\u00a0\u00a0<\/p>\r\n<\/div>\r\n<\/div>\r\n\r\n\r\n\r\n<div class=\"wp-block-spacer\" style=\"height: 50px;\" aria-hidden=\"true\">\u00a0<\/div>\r\n\r\n\r\n\r\n<h3 class=\"wp-block-heading\">Hrav\u00e9 aktivity pre rodiny s de\u0165mi<\/h3>\r\n\r\n\r\n\r\n<div class=\"wp-block-media-text is-stacked-on-mobile\">\r\n<figure class=\"wp-block-media-text__media\"><img decoding=\"async\" width=\"1024\" height=\"683\" class=\"wp-image-30479 size-full\" src=\"https:\/\/daphne.sk\/wp-content\/uploads\/2025\/03\/hands-2847508_1920-1024x683.jpg\" alt=\"\" srcset=\"https:\/\/daphne.sk\/wp-content\/uploads\/2025\/03\/hands-2847508_1920-1024x683.jpg 1024w, https:\/\/daphne.sk\/wp-content\/uploads\/2025\/03\/hands-2847508_1920-300x200.jpg 300w, https:\/\/daphne.sk\/wp-content\/uploads\/2025\/03\/hands-2847508_1920-768x512.jpg 768w, https:\/\/daphne.sk\/wp-content\/uploads\/2025\/03\/hands-2847508_1920-1536x1024.jpg 1536w, https:\/\/daphne.sk\/wp-content\/uploads\/2025\/03\/hands-2847508_1920.jpg 1920w\" sizes=\"(max-width: 1024px) 100vw, 1024px\" \/><\/figure>\r\n<div class=\"wp-block-media-text__content\">\r\n<p>Pre deti sme pripravili \u00falohu <a href=\"https:\/\/daphne.sk\/wp-content\/uploads\/2013\/12\/PPB_web.pdf\"><strong>Podivuhodn\u00fd v\u00fdvin m\u00e1jky fialovej, n\u00e1jdete ju na strane 14 a 15<\/strong><\/a>.<\/p>\r\n<\/div>\r\n<\/div>\r\n\r\n\r\n\r\n<p>&nbsp;<\/p>\r\n\r\n\r\n\r\n<h3 class=\"wp-block-heading\">Podujatia pre verejnos\u0165 a pre \u0161koly<\/h3>\r\n\r\n\r\n<div class=\"ct-section-inner-wrap\">\n  \t<div id=\"vyber-clanky\" class=\"oxy-easy-posts oxy-posts-grid\">\n    \t<div class=\"oxy-posts\">\t\t\t <div class=\"oxy-post\">\n            <a class=\"oxy-post-image\" href=\"https:\/\/daphne.sk\/de\/exkursion-fur-die-offentlichkeit-auf-devinska-kobyla-prasentation-der-initiative-bratislava-alive-neuer-termin-5-4-2025\/\">\n                <div\n                    class=\"oxy-post-image-fixed-ratio\"\n                    style=\"background-image: url('\/wp-content\/uploads\/2025\/04\/IMG_1265-scaled.jpg')\"\n                    \n                ><\/div>\n                <div class=\"oxy-post-image-date-overlay\">April 1, 2025<\/div>\n            <\/a>\n\n            <div class=\"oxy-post-wrap\">\n                <a class=\"oxy-post-title\" href=\"https:\/\/daphne.sk\/de\/exkursion-fur-die-offentlichkeit-auf-devinska-kobyla-prasentation-der-initiative-bratislava-alive-neuer-termin-5-4-2025\/\">Exkursion f\u00fcr die \u00d6ffentlichkeit auf Dev\u00ednska Kobyla. Pr\u00e4sentation der Initiative \"Lebendiges Bratislava\" - neuer Termin 5.4.2025<\/a>\n\n                <div class=\"oxy-post-meta\"><\/div>\n\n                <div class=\"oxy-post-content\">\n                    <p>&nbsp; Wir laden Sie zu einem Ausflug nach Dev\u00ednska Kobyla ein, wo wir Ihnen die Initiative \"Lebendiges Bratislava\" vorstellen, bei der es darum geht, die Vielfalt der Natur in unserer Stadt zu entdecken. Jeder kann sich an der Initiative beteiligen...<\/p>\n                <\/div>\n\n                <a href=\"https:\/\/daphne.sk\/de\/exkursion-fur-die-offentlichkeit-auf-devinska-kobyla-prasentation-der-initiative-bratislava-alive-neuer-termin-5-4-2025\/\" class=\"oxy-read-more\">Viac inform\u00e1ci\u00ed<\/a>\n            <\/div>\n        <\/div>\n\t\t\t\t\t\t <div class=\"oxy-post\">\n            <a class=\"oxy-post-image\" href=\"https:\/\/daphne.sk\/de\/live-bratislava-mit-schulen\/\">\n                <div\n                    class=\"oxy-post-image-fixed-ratio\"\n                    style=\"background-image: url('\/wp-content\/uploads\/2025\/03\/Sad_Janka_Krala_Bratislava_Slovakia.jpeg')\"\n                    \n                ><\/div>\n                <div class=\"oxy-post-image-date-overlay\">April 9, 2025<\/div>\n            <\/a>\n\n            <div class=\"oxy-post-wrap\">\n                <a class=\"oxy-post-title\" href=\"https:\/\/daphne.sk\/de\/live-bratislava-mit-schulen\/\">Lebendiges Bratislava mit Schulen<\/a>\n\n                <div class=\"oxy-post-meta\"><\/div>\n\n                <div class=\"oxy-post-content\">\n                    <p>Liebe P\u00e4dagogen, entdecken Sie mit uns die Vielfalt der Natur der Hauptstadt und werden Sie Teil der Citizen Science Initiative \"Lebendiges Bratislava\". Gemeinsam zeigen wir Ihnen, wie Sie und Ihre Sch\u00fcler aktiv an der Erkundung von Bratislavas st\u00e4dtischen Wiesen, Parks...<\/p>\n                <\/div>\n\n                <a href=\"https:\/\/daphne.sk\/de\/live-bratislava-mit-schulen\/\" class=\"oxy-read-more\">Viac inform\u00e1ci\u00ed<\/a>\n            <\/div>\n        <\/div>\n\t\t\t<\/div><\/div><\/div>\r\n\r\n\r\n<p>Iniciat\u00edva \u017div\u00e1 Bratislava, exkurzie pre verejnos\u0165 a pre \u0161koly sa konaj\u00fa bezplatne v\u00a0r\u00e1mci cezhrani\u010dn\u00e9ho, rak\u00fasko-slovensk\u00e9ho projektu <a href=\"https:\/\/daphne.sk\/projekt\/zapojenie-navstevnikov-do-ochrany-biodiverzity-v-cezhranicnom-regione-slovenska-a-rakuska\/\">Ecovisit SKAT \u2013 Zapojenie n\u00e1v\u0161tevn\u00edkov do ochrany biodiverzity v cezhrani\u010dnom regi\u00f3ne Slovenska a Rak\u00faska<\/a> v r\u00e1mci Programu spolupr\u00e1ce INTERREG VI-A SK-AT, spolufinancovan\u00e9ho z Eur\u00f3pskeho fondu region\u00e1lneho rozvoja.\u00a0<\/p>\r\n\r\n\r\n\r\n<figure class=\"wp-block-image size-medium\"><img decoding=\"async\" width=\"300\" height=\"90\" class=\"wp-image-30552\" src=\"https:\/\/daphne.sk\/wp-content\/uploads\/2025\/03\/Interreg-Logo-Slovakia-Austria-CMYK-Color-02-300x90.png\" alt=\"\" srcset=\"https:\/\/daphne.sk\/wp-content\/uploads\/2025\/03\/Interreg-Logo-Slovakia-Austria-CMYK-Color-02-300x90.png 300w, https:\/\/daphne.sk\/wp-content\/uploads\/2025\/03\/Interreg-Logo-Slovakia-Austria-CMYK-Color-02-1024x308.png 1024w, https:\/\/daphne.sk\/wp-content\/uploads\/2025\/03\/Interreg-Logo-Slovakia-Austria-CMYK-Color-02-768x231.png 768w, https:\/\/daphne.sk\/wp-content\/uploads\/2025\/03\/Interreg-Logo-Slovakia-Austria-CMYK-Color-02-1536x462.png 1536w, https:\/\/daphne.sk\/wp-content\/uploads\/2025\/03\/Interreg-Logo-Slovakia-Austria-CMYK-Color-02.png 1903w\" sizes=\"(max-width: 300px) 100vw, 300px\" \/><\/figure>\r\n\r\n\r\n\r\n<figure class=\"wp-block-image size-large\"><img decoding=\"async\" width=\"1024\" height=\"122\" class=\"wp-image-30597\" src=\"https:\/\/daphne.sk\/wp-content\/uploads\/2025\/03\/LISTA-ECOVISIT_02-3-1-1024x122.jpg\" alt=\"\" srcset=\"https:\/\/daphne.sk\/wp-content\/uploads\/2025\/03\/LISTA-ECOVISIT_02-3-1-1024x122.jpg 1024w, https:\/\/daphne.sk\/wp-content\/uploads\/2025\/03\/LISTA-ECOVISIT_02-3-1-300x36.jpg 300w, https:\/\/daphne.sk\/wp-content\/uploads\/2025\/03\/LISTA-ECOVISIT_02-3-1-768x91.jpg 768w, https:\/\/daphne.sk\/wp-content\/uploads\/2025\/03\/LISTA-ECOVISIT_02-3-1-1536x182.jpg 1536w, https:\/\/daphne.sk\/wp-content\/uploads\/2025\/03\/LISTA-ECOVISIT_02-3-1.jpg 1920w\" sizes=\"(max-width: 1024px) 100vw, 1024px\" \/><\/figure>\r\n","protected":false},"excerpt":{"rendered":"<p>V\u00fdzva na marec : Pr\u00edroda sa pomaly preb\u00fadza zo zimn\u00e9ho sp\u00e1nku. Tieto dni m\u00f4\u017eeme objavova\u0165 prv\u00e9 n\u00e1znaky jari \u2013 kvitn\u00facich byl\u00edn, farebn\u00fdch mot\u00fd\u013eov \u010di in\u00fdch preb\u00fadzaj\u00facich sa \u017eivo\u010d\u00edchov.<\/p>\n","protected":false},"author":10,"featured_media":30803,"comment_status":"closed","ping_status":"open","sticky":false,"template":"","format":"standard","meta":{"_uag_custom_page_level_css":"","_jetpack_memberships_contains_paid_content":false,"footnotes":""},"categories":[164],"tags":[],"kategoria-bigling":[],"class_list":["post-30800","post","type-post","status-publish","format-standard","has-post-thumbnail","hentry","category-bratislava-lebendig"],"jetpack_featured_media_url":"https:\/\/daphne.sk\/wp-content\/uploads\/2025\/03\/snezienky.jpg","uagb_featured_image_src":{"full":["https:\/\/daphne.sk\/wp-content\/uploads\/2025\/03\/snezienky.jpg",1920,1440,false],"thumbnail":["https:\/\/daphne.sk\/wp-content\/uploads\/2025\/03\/snezienky-150x150.jpg",150,150,true],"medium":["https:\/\/daphne.sk\/wp-content\/uploads\/2025\/03\/snezienky-300x225.jpg",300,225,true],"medium_large":["https:\/\/daphne.sk\/wp-content\/uploads\/2025\/03\/snezienky-768x576.jpg",768,576,true],"large":["https:\/\/daphne.sk\/wp-content\/uploads\/2025\/03\/snezienky-1024x768.jpg",1024,768,true],"1536x1536":["https:\/\/daphne.sk\/wp-content\/uploads\/2025\/03\/snezienky-1536x1152.jpg",1536,1152,true],"2048x2048":["https:\/\/daphne.sk\/wp-content\/uploads\/2025\/03\/snezienky.jpg",1920,1440,false],"woocommerce_thumbnail":["https:\/\/daphne.sk\/wp-content\/uploads\/2025\/03\/snezienky-450x450.jpg",450,450,true]},"uagb_author_info":{"display_name":"M\u00e1ria Filov\u00e1","author_link":"https:\/\/daphne.sk\/de\/author\/filova\/"},"uagb_comment_info":0,"uagb_excerpt":"V\u00fdzva na marec : Pr\u00edroda sa pomaly preb\u00fadza zo zimn\u00e9ho sp\u00e1nku. Tieto dni m\u00f4\u017eeme objavova\u0165 prv\u00e9 n\u00e1znaky jari \u2013 kvitn\u00facich byl\u00edn, farebn\u00fdch mot\u00fd\u013eov \u010di in\u00fdch preb\u00fadzaj\u00facich sa \u017eivo\u010d\u00edchov.","jetpack_sharing_enabled":true,"meta_box":{"canky":false,"feature_image_off":""},"_links":{"self":[{"href":"https:\/\/daphne.sk\/de\/wp-json\/wp\/v2\/posts\/30800","targetHints":{"allow":["GET"]}}],"collection":[{"href":"https:\/\/daphne.sk\/de\/wp-json\/wp\/v2\/posts"}],"about":[{"href":"https:\/\/daphne.sk\/de\/wp-json\/wp\/v2\/types\/post"}],"author":[{"embeddable":true,"href":"https:\/\/daphne.sk\/de\/wp-json\/wp\/v2\/users\/10"}],"replies":[{"embeddable":true,"href":"https:\/\/daphne.sk\/de\/wp-json\/wp\/v2\/comments?post=30800"}],"version-history":[{"count":1,"href":"https:\/\/daphne.sk\/de\/wp-json\/wp\/v2\/posts\/30800\/revisions"}],"predecessor-version":[{"id":30934,"href":"https:\/\/daphne.sk\/de\/wp-json\/wp\/v2\/posts\/30800\/revisions\/30934"}],"wp:featuredmedia":[{"embeddable":true,"href":"https:\/\/daphne.sk\/de\/wp-json\/wp\/v2\/media\/30803"}],"wp:attachment":[{"href":"https:\/\/daphne.sk\/de\/wp-json\/wp\/v2\/media?parent=30800"}],"wp:term":[{"taxonomy":"category","embeddable":true,"href":"https:\/\/daphne.sk\/de\/wp-json\/wp\/v2\/categories?post=30800"},{"taxonomy":"post_tag","embeddable":true,"href":"https:\/\/daphne.sk\/de\/wp-json\/wp\/v2\/tags?post=30800"},{"taxonomy":"kategoria-bigling","embeddable":true,"href":"https:\/\/daphne.sk\/de\/wp-json\/wp\/v2\/kategoria-bigling?post=30800"}],"curies":[{"name":"wp","href":"https:\/\/api.w.org\/{rel}","templated":true}]}}