{"id":30946,"date":"2025-04-04T09:03:49","date_gmt":"2025-04-04T09:03:49","guid":{"rendered":"https:\/\/daphne.sk\/?p=30946"},"modified":"2025-04-10T09:11:05","modified_gmt":"2025-04-10T09:11:05","slug":"webinar-jarna-bratislava-s-obcianskou-vedou","status":"publish","type":"post","link":"https:\/\/daphne.sk\/de\/webinar-jarna-bratislava-s-obcianskou-vedou\/","title":{"rendered":"Webin\u00e1r \u201eJarn\u00e1 Bratislava s ob\u010dianskou vedou\""},"content":{"rendered":"\n<p>Na webin\u00e1ri organizovanom CVTI SR d\u0148a 4. apr\u00edla pod n\u00e1zvom \"Jarn\u00e1 Bratislava s ob\u010dianskou vedou\" sa popri aktu\u00e1lnych inform\u00e1ci\u00e1ch o&nbsp;projektoch ob\u010dianskej vedy dozviete aj o \u017divej Bratislave (od 41. min\u00faty).<\/p>\n\n\n\n<p>Z\u00e1znam je dostupn\u00fd cez odkaz: <a href=\"https:\/\/video.nti.sk\/rec\/?1126296GXOHVAI751\">https:\/\/video.nti.sk\/rec\/?1126296GXOHVAI751<\/a><\/p>\n\n\n\n<!--more-->\n\n\n\n<figure class=\"wp-block-image size-medium\"><img decoding=\"async\" width=\"300\" height=\"90\" src=\"https:\/\/daphne.sk\/wp-content\/uploads\/2025\/03\/Interreg-Logo-Slovakia-Austria-CMYK-Color-02-300x90.png\" alt=\"\" class=\"wp-image-30552\" srcset=\"https:\/\/daphne.sk\/wp-content\/uploads\/2025\/03\/Interreg-Logo-Slovakia-Austria-CMYK-Color-02-300x90.png 300w, https:\/\/daphne.sk\/wp-content\/uploads\/2025\/03\/Interreg-Logo-Slovakia-Austria-CMYK-Color-02-1024x308.png 1024w, https:\/\/daphne.sk\/wp-content\/uploads\/2025\/03\/Interreg-Logo-Slovakia-Austria-CMYK-Color-02-768x231.png 768w, https:\/\/daphne.sk\/wp-content\/uploads\/2025\/03\/Interreg-Logo-Slovakia-Austria-CMYK-Color-02-1536x462.png 1536w, https:\/\/daphne.sk\/wp-content\/uploads\/2025\/03\/Interreg-Logo-Slovakia-Austria-CMYK-Color-02.png 1903w\" sizes=\"(max-width: 300px) 100vw, 300px\" \/><\/figure>\n\n\n\n<figure class=\"wp-block-image size-large\"><img decoding=\"async\" width=\"1024\" height=\"122\" src=\"https:\/\/daphne.sk\/wp-content\/uploads\/2025\/03\/LISTA-ECOVISIT_02-3-1-1024x122.jpg\" alt=\"\" class=\"wp-image-30597\" srcset=\"https:\/\/daphne.sk\/wp-content\/uploads\/2025\/03\/LISTA-ECOVISIT_02-3-1-1024x122.jpg 1024w, https:\/\/daphne.sk\/wp-content\/uploads\/2025\/03\/LISTA-ECOVISIT_02-3-1-300x36.jpg 300w, https:\/\/daphne.sk\/wp-content\/uploads\/2025\/03\/LISTA-ECOVISIT_02-3-1-768x91.jpg 768w, https:\/\/daphne.sk\/wp-content\/uploads\/2025\/03\/LISTA-ECOVISIT_02-3-1-1536x182.jpg 1536w, https:\/\/daphne.sk\/wp-content\/uploads\/2025\/03\/LISTA-ECOVISIT_02-3-1.jpg 1920w\" sizes=\"(max-width: 1024px) 100vw, 1024px\" \/><\/figure>\n","protected":false},"excerpt":{"rendered":"<p>Na webin\u00e1ri organizovanom CVTI SR d\u0148a 4. apr\u00edla pod n\u00e1zvom \"Jarn\u00e1 Bratislava s ob\u010dianskou vedou\" sa popri aktu\u00e1lnych inform\u00e1ci\u00e1ch o&nbsp;projektoch ob\u010dianskej vedy dozviete aj o \u017divej Bratislave (od 41. min\u00faty). Z\u00e1znam je dostupn\u00fd cez odkaz: https:\/\/video.nti.sk\/rec\/?1126296GXOHVAI751<\/p>\n","protected":false},"author":13,"featured_media":30947,"comment_status":"closed","ping_status":"open","sticky":false,"template":"","format":"standard","meta":{"_uag_custom_page_level_css":"","_jetpack_memberships_contains_paid_content":false,"footnotes":""},"categories":[159],"tags":[],"kategoria-bigling":[],"class_list":["post-30946","post","type-post","status-publish","format-standard","has-post-thumbnail","hentry","category-kategoria-ziva-bratislava"],"jetpack_featured_media_url":"https:\/\/daphne.sk\/wp-content\/uploads\/2025\/04\/banner_Jarna_Bratislava_1920x1005.jpg","uagb_featured_image_src":{"full":["https:\/\/daphne.sk\/wp-content\/uploads\/2025\/04\/banner_Jarna_Bratislava_1920x1005.jpg",1920,1005,false],"thumbnail":["https:\/\/daphne.sk\/wp-content\/uploads\/2025\/04\/banner_Jarna_Bratislava_1920x1005-150x150.jpg",150,150,true],"medium":["https:\/\/daphne.sk\/wp-content\/uploads\/2025\/04\/banner_Jarna_Bratislava_1920x1005-300x157.jpg",300,157,true],"medium_large":["https:\/\/daphne.sk\/wp-content\/uploads\/2025\/04\/banner_Jarna_Bratislava_1920x1005-768x402.jpg",768,402,true],"large":["https:\/\/daphne.sk\/wp-content\/uploads\/2025\/04\/banner_Jarna_Bratislava_1920x1005-1024x536.jpg",1024,536,true],"1536x1536":["https:\/\/daphne.sk\/wp-content\/uploads\/2025\/04\/banner_Jarna_Bratislava_1920x1005-1536x804.jpg",1536,804,true],"2048x2048":["https:\/\/daphne.sk\/wp-content\/uploads\/2025\/04\/banner_Jarna_Bratislava_1920x1005.jpg",1920,1005,false],"woocommerce_thumbnail":["https:\/\/daphne.sk\/wp-content\/uploads\/2025\/04\/banner_Jarna_Bratislava_1920x1005-450x450.jpg",450,450,true]},"uagb_author_info":{"display_name":"Raisa Gorobecova","author_link":"https:\/\/daphne.sk\/de\/author\/gorobecova\/"},"uagb_comment_info":0,"uagb_excerpt":"Na webin\u00e1ri organizovanom CVTI SR d\u0148a 4. apr\u00edla pod n\u00e1zvom \"Jarn\u00e1 Bratislava s ob\u010dianskou vedou\" sa popri aktu\u00e1lnych inform\u00e1ci\u00e1ch o&nbsp;projektoch ob\u010dianskej vedy dozviete aj o \u017divej Bratislave (od 41. min\u00faty). Z\u00e1znam je dostupn\u00fd cez odkaz: https:\/\/video.nti.sk\/rec\/?1126296GXOHVAI751","jetpack_sharing_enabled":true,"meta_box":{"canky":false,"feature_image_off":"0"},"_links":{"self":[{"href":"https:\/\/daphne.sk\/de\/wp-json\/wp\/v2\/posts\/30946","targetHints":{"allow":["GET"]}}],"collection":[{"href":"https:\/\/daphne.sk\/de\/wp-json\/wp\/v2\/posts"}],"about":[{"href":"https:\/\/daphne.sk\/de\/wp-json\/wp\/v2\/types\/post"}],"author":[{"embeddable":true,"href":"https:\/\/daphne.sk\/de\/wp-json\/wp\/v2\/users\/13"}],"replies":[{"embeddable":true,"href":"https:\/\/daphne.sk\/de\/wp-json\/wp\/v2\/comments?post=30946"}],"version-history":[{"count":3,"href":"https:\/\/daphne.sk\/de\/wp-json\/wp\/v2\/posts\/30946\/revisions"}],"predecessor-version":[{"id":31222,"href":"https:\/\/daphne.sk\/de\/wp-json\/wp\/v2\/posts\/30946\/revisions\/31222"}],"wp:featuredmedia":[{"embeddable":true,"href":"https:\/\/daphne.sk\/de\/wp-json\/wp\/v2\/media\/30947"}],"wp:attachment":[{"href":"https:\/\/daphne.sk\/de\/wp-json\/wp\/v2\/media?parent=30946"}],"wp:term":[{"taxonomy":"category","embeddable":true,"href":"https:\/\/daphne.sk\/de\/wp-json\/wp\/v2\/categories?post=30946"},{"taxonomy":"post_tag","embeddable":true,"href":"https:\/\/daphne.sk\/de\/wp-json\/wp\/v2\/tags?post=30946"},{"taxonomy":"kategoria-bigling","embeddable":true,"href":"https:\/\/daphne.sk\/de\/wp-json\/wp\/v2\/kategoria-bigling?post=30946"}],"curies":[{"name":"wp","href":"https:\/\/api.w.org\/{rel}","templated":true}]}}