{"id":30991,"date":"2025-04-16T12:41:33","date_gmt":"2025-04-16T12:41:33","guid":{"rendered":"https:\/\/daphne.sk\/?p=30991"},"modified":"2025-04-28T07:53:20","modified_gmt":"2025-04-28T07:53:20","slug":"majova-ponuka-programov-daphne-v-centre-ekovychovy-na-kamziku-a-jeho-okoli-2","status":"publish","type":"post","link":"https:\/\/daphne.sk\/de\/majova-ponuka-programov-daphne-v-centre-ekovychovy-na-kamziku-a-jeho-okoli-2\/","title":{"rendered":"M\u00e1jov\u00e1 ponuka programov DAPHNE v Centre ekov\u00fdchovy na Kamz\u00edku a jeho okol\u00ed"},"content":{"rendered":"\n<p><a href=\"https:\/\/sk.mapy.cz\/s\/nazojocuba\">Centrum ekov\u00fdchovy a lesn\u00edcke arbor\u00e9tum<\/a> sa nach\u00e1dza v kr\u00e1snom prostred\u00ed Bratislavsk\u00e9ho lesoparku, v bl\u00edzkosti kri\u017eovatky ciest na Kamz\u00edk a hornej stanici lanovky, v n\u00e1v\u0161tevn\u00edkmi ob\u013e\u00fabenej lokalite na Kamz\u00edku.  <br><\/p>\n\n\n\n<p>Pozrite si na\u0161u m\u00e1jov\u00fa ponuku programov, ktor\u00e9 sme si pre v\u00e1s v Centre ekov\u00fdchovy pripravili.<\/p>\n\n\n\n<h2 class=\"wp-block-heading\"><strong> 1. m\u00e1jov\u00e1 nede\u013ea ekov\u00fdchovy (<strong>4.5.<\/strong><\/strong>) <strong>bude venovan\u00e1 t\u00e9me <strong>\u201e<\/strong>Biodiverzita\"<\/strong>.<\/h2>\n\n\n\n<p>Poz\u00fdvame v\u00e1s objavova\u0165, b\u00e1da\u0165, tvori\u0165, diskutova\u0165 a spozn\u00e1va\u0165 svet z nov\u00e9ho uhla poh\u013eadu spolu s DAPHNE.<\/p>\n\n\n\n<p>4.5. bude venovan\u00fd t\u00e9me \u201eBiodiverzita\", pri pr\u00edle\u017eitosti Medzin\u00e1rodn\u00e9ho d\u0148a biodiverzity v \u010dase od 10:00-15:00.<\/p>\n\n\n\n<p>Pre\u010do je rozmanitos\u0165 druhov v pr\u00edrode d\u00f4le\u017eit\u00e1? Pozrieme sa spolo\u010dne na biodiverzitu tvarov \u010di v\u00f4n\u00ed, ktor\u00e9 n\u00e1s v pr\u00edrode obklopuj\u00fa. Popri v\u00fdzname na\u0161im p\u00f4vodn\u00fdch druhov rastl\u00edn a \u017eivo\u010d\u00edchov spozn\u00e1me aj nep\u00f4vodn\u00e9\/inv\u00e1zne druhy, ktor\u00e9 sa do na\u0161ej pr\u00edrody dostali r\u00f4znymi cestami n\u00e1hodne \u010di z\u00e1merne.<\/p>\n\n\n\n<p>Ak sa chcete zapoji\u0165 do monitoringu biodiverzity <strong>\u201e\u017div\u00e1 Bratislava\u201c<\/strong> pripojte sa&nbsp;o 11.00 a&nbsp;14.00 k&nbsp;n\u00e1\u0161mu lektorovi\/lektorke. Predstav\u00ed v\u00e1m pr\u00e1cu s aplik\u00e1ciou iNaturalist a povie niektor\u00e9 zauj\u00edmavosti o pozorovan\u00fdch druhoch. Viac na <a href=\"https:\/\/daphne.sk\/ziva-bratislava\/\">\u017div\u00e1 Bratislava - Ekov\u00fdchova - Programy pre z\u00e1kladn\u00e9 a matersk\u00e9 \u0161koly - Daphne.sk - In\u0161tit\u00fat aplikovanej ekol\u00f3gie<\/a><\/p>\n\n\n\n<p>Prihl\u00e1senie nie je potrebn\u00e9.<br>Te\u0161\u00edme sa na v\u00e1s.<\/p>\n\n\n\n<p>Podujatie realizujeme bezplatne v r\u00e1mci cezhrani\u010dn\u00e9ho, rak\u00fasko-slovensk\u00e9ho projektu Ecovisit SKAT \u2013 Zapojenie n\u00e1v\u0161tevn\u00edkov do ochrany biodiverzity v cezhrani\u010dnom regi\u00f3ne Slovenska a Rak\u00faska v r\u00e1mci Programu spolupr\u00e1ce INTERREG VI-A SK-AT, spolufinancovan\u00e9ho z Eur\u00f3pskeho fondu region\u00e1lneho rozvoja.<\/p>\n\n\n\n<h2 class=\"wp-block-heading\"><\/h2>\n\n\n\n<div style=\"height:38px\" aria-hidden=\"true\" class=\"wp-block-spacer\"><\/div>\n\n\n\n<div class=\"wp-block-columns gap-lg is-layout-flex wp-container-core-columns-is-layout-fcccddb7 wp-block-columns-is-layout-flex\" style=\"border-style:none;border-width:0px;border-radius:0px;padding-top:0;padding-right:10rem;padding-bottom:0;padding-left:10rem\">\n<div class=\"wp-block-column box-with-image has-large-font-size is-layout-flow wp-block-column-is-layout-flow\" style=\"padding-top:0;padding-right:0;padding-bottom:0;padding-left:0\"><\/div>\n\n\n\n<div class=\"wp-block-column box-with-image has-large-font-size is-layout-flow wp-block-column-is-layout-flow\" style=\"padding-top:0;padding-right:0;padding-bottom:0;padding-left:0\"><\/div>\n<\/div>\n\n\n\n<hr class=\"wp-block-separator has-alpha-channel-opacity\"\/>\n\n\n\n<p>Centrum ekov\u00fdchovy na Kamz\u00edku vzniklo v\u010faka projektu \u201eV\u00fdvoj ekosyst\u00e9mov\u00fdch n\u00e1strojov a slu\u017eieb pre ochranu a obnovu biodiverzity v Bratislave a Viedni\u201c v r\u00e1mci Programu INTERREG V-A SK-AT.<\/p>\n\n\n\n<p style=\"padding-top:var(--wp--preset--spacing--30);padding-right:0;padding-bottom:var(--wp--preset--spacing--30);padding-left:0\">Centrum ekov\u00fdchovy na Kamz\u00edku patr\u00ed Mestsk\u00fdm lesom v Bratislave. Poskytuje z\u00e1zemie na vzdel\u00e1vanie r\u00f4znych cie\u013eov\u00fdch skup\u00edn v oblasti ochrany pr\u00edrody a akt\u00edvne k nej prispieva. D\u00f4le\u017eitou s\u00fa\u010das\u0165ou jeho oddychovo-vzdel\u00e1vacieho are\u00e1lu je aj obnoven\u00e9 arbor\u00e9tum.<\/p>\n\n\n\n<figure class=\"wp-block-image size-large is-resized\"><img decoding=\"async\" width=\"1024\" height=\"308\" src=\"https:\/\/daphne.sk\/wp-content\/uploads\/2025\/03\/Interreg-Logo-Slovakia-Austria-CMYK-Color-02-1024x308.jpg\" alt=\"\" class=\"wp-image-30553\" style=\"width:298px;height:auto\" srcset=\"https:\/\/daphne.sk\/wp-content\/uploads\/2025\/03\/Interreg-Logo-Slovakia-Austria-CMYK-Color-02-1024x308.jpg 1024w, https:\/\/daphne.sk\/wp-content\/uploads\/2025\/03\/Interreg-Logo-Slovakia-Austria-CMYK-Color-02-300x90.jpg 300w, https:\/\/daphne.sk\/wp-content\/uploads\/2025\/03\/Interreg-Logo-Slovakia-Austria-CMYK-Color-02-768x231.jpg 768w, https:\/\/daphne.sk\/wp-content\/uploads\/2025\/03\/Interreg-Logo-Slovakia-Austria-CMYK-Color-02-1536x462.jpg 1536w, https:\/\/daphne.sk\/wp-content\/uploads\/2025\/03\/Interreg-Logo-Slovakia-Austria-CMYK-Color-02.jpg 1903w\" sizes=\"(max-width: 1024px) 100vw, 1024px\" \/><\/figure>\n\n\n\n<figure class=\"wp-block-image size-large is-resized\"><img decoding=\"async\" width=\"1024\" height=\"122\" src=\"https:\/\/daphne.sk\/wp-content\/uploads\/2025\/03\/LISTA-ECOVISIT_02-3-1-1024x122.jpg\" alt=\"\" class=\"wp-image-30597\" style=\"width:465px;height:auto\" srcset=\"https:\/\/daphne.sk\/wp-content\/uploads\/2025\/03\/LISTA-ECOVISIT_02-3-1-1024x122.jpg 1024w, https:\/\/daphne.sk\/wp-content\/uploads\/2025\/03\/LISTA-ECOVISIT_02-3-1-300x36.jpg 300w, https:\/\/daphne.sk\/wp-content\/uploads\/2025\/03\/LISTA-ECOVISIT_02-3-1-768x91.jpg 768w, https:\/\/daphne.sk\/wp-content\/uploads\/2025\/03\/LISTA-ECOVISIT_02-3-1-1536x182.jpg 1536w, https:\/\/daphne.sk\/wp-content\/uploads\/2025\/03\/LISTA-ECOVISIT_02-3-1.jpg 1920w\" sizes=\"(max-width: 1024px) 100vw, 1024px\" \/><\/figure>\n\n\n\n<figure class=\"wp-block-gallery has-nested-images columns-default is-cropped wp-block-gallery-1 is-layout-flex wp-block-gallery-is-layout-flex\"><\/figure>\n","protected":false},"excerpt":{"rendered":"<p>Centrum ekov\u00fdchovy a lesn\u00edcke arbor\u00e9tum sa nach\u00e1dza v kr\u00e1snom prostred\u00ed Bratislavsk\u00e9ho lesoparku, v bl\u00edzkosti kri\u017eovatky ciest na Kamz\u00edk a hornej stanici lanovky, v n\u00e1v\u0161tevn\u00edkmi ob\u013e\u00fabenej lokalite na Kamz\u00edku. Pozrite si na\u0161u m\u00e1jov\u00fa ponuku programov, ktor\u00e9 sme si pre v\u00e1s v Centre ekov\u00fdchovy pripravili. 1. m\u00e1jov\u00e1 nede\u013ea ekov\u00fdchovy (4.5.) bude venovan\u00e1 t\u00e9me \u201eBiodiverzita\". Poz\u00fdvame v\u00e1s objavova\u0165,<\/p>\n","protected":false},"author":13,"featured_media":30992,"comment_status":"closed","ping_status":"open","sticky":false,"template":"","format":"standard","meta":{"_uag_custom_page_level_css":"","_jetpack_memberships_contains_paid_content":false,"footnotes":""},"categories":[3,79],"tags":[],"kategoria-bigling":[],"class_list":["post-30991","post","type-post","status-publish","format-standard","has-post-thumbnail","hentry","category-aktuality","category-sk-clanky"],"jetpack_featured_media_url":"https:\/\/daphne.sk\/wp-content\/uploads\/2025\/04\/3.jpg","uagb_featured_image_src":{"full":["https:\/\/daphne.sk\/wp-content\/uploads\/2025\/04\/3.jpg",1640,924,false],"thumbnail":["https:\/\/daphne.sk\/wp-content\/uploads\/2025\/04\/3-150x150.jpg",150,150,true],"medium":["https:\/\/daphne.sk\/wp-content\/uploads\/2025\/04\/3-300x169.jpg",300,169,true],"medium_large":["https:\/\/daphne.sk\/wp-content\/uploads\/2025\/04\/3-768x433.jpg",768,433,true],"large":["https:\/\/daphne.sk\/wp-content\/uploads\/2025\/04\/3-1024x577.jpg",1024,577,true],"1536x1536":["https:\/\/daphne.sk\/wp-content\/uploads\/2025\/04\/3-1536x865.jpg",1536,865,true],"2048x2048":["https:\/\/daphne.sk\/wp-content\/uploads\/2025\/04\/3.jpg",1640,924,false],"woocommerce_thumbnail":["https:\/\/daphne.sk\/wp-content\/uploads\/2025\/04\/3-450x450.jpg",450,450,true]},"uagb_author_info":{"display_name":"Raisa Gorobecova","author_link":"https:\/\/daphne.sk\/de\/author\/gorobecova\/"},"uagb_comment_info":0,"uagb_excerpt":"Centrum ekov\u00fdchovy a lesn\u00edcke arbor\u00e9tum sa nach\u00e1dza v kr\u00e1snom prostred\u00ed Bratislavsk\u00e9ho lesoparku, v bl\u00edzkosti kri\u017eovatky ciest na Kamz\u00edk a hornej stanici lanovky, v n\u00e1v\u0161tevn\u00edkmi ob\u013e\u00fabenej lokalite na Kamz\u00edku. Pozrite si na\u0161u m\u00e1jov\u00fa ponuku programov, ktor\u00e9 sme si pre v\u00e1s v Centre ekov\u00fdchovy pripravili. 1. m\u00e1jov\u00e1 nede\u013ea ekov\u00fdchovy (4.5.) bude venovan\u00e1 t\u00e9me \u201eBiodiverzita\". Poz\u00fdvame v\u00e1s objavova\u0165,","jetpack_sharing_enabled":true,"meta_box":{"canky":false,"feature_image_off":"1"},"_links":{"self":[{"href":"https:\/\/daphne.sk\/de\/wp-json\/wp\/v2\/posts\/30991","targetHints":{"allow":["GET"]}}],"collection":[{"href":"https:\/\/daphne.sk\/de\/wp-json\/wp\/v2\/posts"}],"about":[{"href":"https:\/\/daphne.sk\/de\/wp-json\/wp\/v2\/types\/post"}],"author":[{"embeddable":true,"href":"https:\/\/daphne.sk\/de\/wp-json\/wp\/v2\/users\/13"}],"replies":[{"embeddable":true,"href":"https:\/\/daphne.sk\/de\/wp-json\/wp\/v2\/comments?post=30991"}],"version-history":[{"count":10,"href":"https:\/\/daphne.sk\/de\/wp-json\/wp\/v2\/posts\/30991\/revisions"}],"predecessor-version":[{"id":31048,"href":"https:\/\/daphne.sk\/de\/wp-json\/wp\/v2\/posts\/30991\/revisions\/31048"}],"wp:featuredmedia":[{"embeddable":true,"href":"https:\/\/daphne.sk\/de\/wp-json\/wp\/v2\/media\/30992"}],"wp:attachment":[{"href":"https:\/\/daphne.sk\/de\/wp-json\/wp\/v2\/media?parent=30991"}],"wp:term":[{"taxonomy":"category","embeddable":true,"href":"https:\/\/daphne.sk\/de\/wp-json\/wp\/v2\/categories?post=30991"},{"taxonomy":"post_tag","embeddable":true,"href":"https:\/\/daphne.sk\/de\/wp-json\/wp\/v2\/tags?post=30991"},{"taxonomy":"kategoria-bigling","embeddable":true,"href":"https:\/\/daphne.sk\/de\/wp-json\/wp\/v2\/kategoria-bigling?post=30991"}],"curies":[{"name":"wp","href":"https:\/\/api.w.org\/{rel}","templated":true}]}}