{"id":31832,"date":"2025-08-05T15:17:24","date_gmt":"2025-08-05T15:17:24","guid":{"rendered":"https:\/\/daphne.sk\/?p=31832"},"modified":"2025-08-07T15:04:29","modified_gmt":"2025-08-07T15:04:29","slug":"nocne-pozorovanie-hmyzu","status":"publish","type":"post","link":"https:\/\/daphne.sk\/de\/nocne-pozorovanie-hmyzu\/","title":{"rendered":"NO\u010cN\u00c9 POZOROVANIE HMYZU"},"content":{"rendered":"<p>Poz\u00fdvame v\u00e1s na bezplatn\u00fa exkurziu No\u010dn\u00e9 pozorovanie hmyzu \ud83e\udd8b\ud83e\udeb3\ud83e\udeb2\ud83c\udf19 d\u0148a 27.8.2025.<\/p>\r\n<p><img decoding=\"async\" class=\"alignnone wp-image-31835 size-full\" src=\"https:\/\/daphne.sk\/wp-content\/uploads\/2025\/08\/lisaj-pavooky.jpg\" alt=\"\" width=\"1920\" height=\"1440\" srcset=\"https:\/\/daphne.sk\/wp-content\/uploads\/2025\/08\/lisaj-pavooky.jpg 1920w, https:\/\/daphne.sk\/wp-content\/uploads\/2025\/08\/lisaj-pavooky-300x225.jpg 300w, https:\/\/daphne.sk\/wp-content\/uploads\/2025\/08\/lisaj-pavooky-1024x768.jpg 1024w, https:\/\/daphne.sk\/wp-content\/uploads\/2025\/08\/lisaj-pavooky-768x576.jpg 768w, https:\/\/daphne.sk\/wp-content\/uploads\/2025\/08\/lisaj-pavooky-1536x1152.jpg 1536w\" sizes=\"(max-width: 1920px) 100vw, 1920px\" \/><\/p>\r\n<div>Aj v\u00e1s zauj\u00edma, \u010do rob\u00ed hmyz v noci?<br \/>\r\n<div>\u00a0<\/div>\r\n<div>Zvedavcov a z\u00e1ujemcov poz\u00fdvame na ve\u010dern\u00e9 pozorovanie hmyzu v okol\u00ed \u010cunova.<\/div>\r\nVyd\u00e1me sa k Hru\u0161ovskej zdr\u017ei aj do z\u00e1hrady Ekocentra \u010cunovo, aby sme objavili pestr\u00fd a fascinuj\u00faci svet no\u010dn\u00e9ho \u017eivota hmyzu \u2013 aj v bl\u00edzkosti mesta. Pr\u00ed\u010fte s nami za\u017ei\u0165, ako o\u017e\u00edva pr\u00edroda po zotmen\u00ed.<br \/><br \/><\/div>\r\n<div>Zmapujte s nami r\u00f4znorodos\u0165 rastl\u00edn a \u017eivo\u010d\u00edchov v tejto oblasti pomocou aplik\u00e1cie iNaturalist \u00a0\ud83d\udcf1\ud83e\udd8b .<\/div>\r\n<div>\u00a0<\/div>\r\n<div><img decoding=\"async\" class=\"alignnone wp-image-31838 size-full\" src=\"https:\/\/daphne.sk\/wp-content\/uploads\/2025\/08\/39f05e28-271d-48aa-a6bf-9f93a6b92171-1.jpg\" alt=\"\" width=\"1536\" height=\"1152\" srcset=\"https:\/\/daphne.sk\/wp-content\/uploads\/2025\/08\/39f05e28-271d-48aa-a6bf-9f93a6b92171-1.jpg 1536w, https:\/\/daphne.sk\/wp-content\/uploads\/2025\/08\/39f05e28-271d-48aa-a6bf-9f93a6b92171-1-300x225.jpg 300w, https:\/\/daphne.sk\/wp-content\/uploads\/2025\/08\/39f05e28-271d-48aa-a6bf-9f93a6b92171-1-1024x768.jpg 1024w, https:\/\/daphne.sk\/wp-content\/uploads\/2025\/08\/39f05e28-271d-48aa-a6bf-9f93a6b92171-1-768x576.jpg 768w\" sizes=\"(max-width: 1536px) 100vw, 1536px\" \/><\/div>\r\n<p class=\"cvGsUA direction-ltr align-start para-style-body\"><span class=\"OYPEnA font-feature-liga-off font-feature-clig-off font-feature-calt-off text-decoration-none text-strikethrough-none\"><span id=\"span-33-19820\" class=\"ct-span oxy-stock-content-styles\">\ud83d\udcc5<\/span> Kde a kedy?<\/span><\/p>\r\n<p class=\"cvGsUA direction-ltr align-start para-style-body\"><span class=\"OYPEnA font-feature-liga-off font-feature-clig-off font-feature-calt-off text-decoration-none text-strikethrough-none\">Kto m\u00e1 chu\u0165 vybra\u0165 sa k Hru\u0161ovskej zdr\u017ei, stretneme sa <\/span><span class=\"OYPEnA font-feature-liga-off font-feature-clig-off font-feature-calt-off text-decoration-none text-strikethrough-none\">27.8. 2025 o 20:00 pred <\/span><a href=\"https:\/\/www.google.com\/maps\/place\/Petr%C5%BEalsk%C3%A1+218%2F12,+851+10+%C4%8Cunovo\/@48.0256188,17.1961779,18.54z\/data=!4m6!3m5!1s0x476c7daac8ba773d:0x4050da135a23fb4b!8m2!3d48.0260255!4d17.19689!16s%2Fg%2F11csg3dfxj!5m1!1e3?entry=ttu&amp;g_ep=EgoyMDI1MDczMC4wIKXMDSoASAFQAw%3D%3D\">Ekocentrom \u010cunovo<\/a><span class=\"OYPEnA font-feature-liga-off font-feature-clig-off font-feature-calt-off text-decoration-none text-strikethrough-none\">. <\/span><\/p>\r\n<p class=\"cvGsUA direction-ltr align-start para-style-body\"><span class=\"OYPEnA font-feature-liga-off font-feature-clig-off font-feature-calt-off text-decoration-none text-strikethrough-none\">Kto chce osta\u0165 na pozorovanie iba v z\u00e1hrade Ekocentra \u010cunovo, stretneme sa tu o 22:30 h. <\/span><\/p>\r\n<p class=\"cvGsUA direction-ltr align-start para-style-body\"><span class=\"OYPEnA font-feature-liga-off font-feature-clig-off font-feature-calt-off text-decoration-none text-strikethrough-none\">Pozorovanie v z\u00e1hrade m\u00f4\u017ee by\u0165 pod\u013ea chuti (a mno\u017estva hmyzu) a\u017e do polnoci!<\/span><\/p>\r\n<p class=\"cvGsUA direction-ltr align-start para-style-body\"><span class=\"OYPEnA font-feature-liga-off font-feature-clig-off font-feature-calt-off text-decoration-none text-strikethrough-none\">Spolu si uk\u00e1\u017eeme, ako sa m\u00f4\u017eete i vy zapoji\u0165 do prieskumu bratislavsk\u00fdch biotopov.<\/span><\/p>\r\n<p class=\"cvGsUA direction-ltr align-start para-style-body\">\u00a0<\/p>\r\n<p class=\"cvGsUA direction-ltr align-start para-style-body\">\ud83d\udcdd\u00a0Pros\u00edme v\u00e1s, aby ste sa na akciu vopred zahl\u00e1sili cez <a href=\"https:\/\/forms.gle\/fQ8YGPjWLpn6vGHQ6\">online registra\u010dn\u00fd formul\u00e1r.<\/a><\/p>\r\n<p>&nbsp;<\/p>\r\n<p><span id=\"span-33-19820\" class=\"ct-span oxy-stock-content-styles\">\ud83d\udeb6\u200d\u2642\ufe0f <\/span>Vhodn\u00e9 pre rodiny, pr\u00edrodn\u00fdch nad\u0161encov aj \u00fapln\u00fdch za\u010diato\u010dn\u00edkov.<\/p>\r\n<p><span id=\"span-33-19820\" class=\"ct-span oxy-stock-content-styles\">\ud83d\udcf1 <\/span> Nezabudnite si stiahnu\u0165 aplik\u00e1ciu iNaturalist pred exkurziou.<\/p>\r\n<p>Android: Stiahnite si aplik\u00e1ciu z\u00a0<a href=\"https:\/\/play.google.com\/store\/games?pli=1\">Google Play Store<\/a>.\u00a0<\/p>\r\n<p>iOS: Stiahnite si aplik\u00e1ciu z\u00a0 <a href=\"https:\/\/www.apple.com\/app-store\/\">App Store<\/a>.<\/p>\r\n<p>&nbsp;<\/p>\r\n<p>Sprev\u00e1dza\u0165 v\u00e1s bude\u00a0MSc. Branislav Endel z <span class=\"inst_name\">\u00dastavu zool\u00f3gie SAV<\/span>. Te\u0161\u00edme sa na v\u00e1s.<\/p>\r\n<p>Foto: MSc. Branislav Endel<\/p>\r\n<p>&nbsp;<\/p>\r\n<p>Exkurzie pre verejnos\u0165 sa konaj\u00fa bezplatne v\u00a0r\u00e1mci cezhrani\u010dn\u00e9ho, rak\u00fasko-slovensk\u00e9ho projektu\u00a0 <a href=\"https:\/\/daphne.sk\/projekt\/zapojenie-navstevnikov-do-ochrany-biodiverzity-v-cezhranicnom-regione-slovenska-a-rakuska\/\">Ecovisit<\/a><br \/>SKAT \u2013 Zapojenie n\u00e1v\u0161tevn\u00edkov do ochrany biodiverzity v cezhrani\u010dnom regi\u00f3ne Slovenska a Rak\u00faska \u00a0v<br \/>r\u00e1mci Programu spolupr\u00e1ce INTERREG VI-A SK-AT, spolufinancovan\u00e9ho z Eur\u00f3pskeho fondu<br \/>region\u00e1lneho rozvoja.<\/p>\r\n<!-- \/wp:post-content -->\r\n\r\n<!-- wp:paragraph \/-->\r\n\r\n<!-- wp:gallery {\"linkTo\":\"none\"} -->\r\n<figure class=\"wp-block-gallery has-nested-images columns-default is-cropped\"><!-- wp:image {\"id\":30439,\"sizeSlug\":\"large\",\"linkDestination\":\"none\"} -->\r\n<figure class=\"wp-block-image size-large\">\r\n<figure class=\"wp-block-image size-large\"><\/figure>\r\n<\/figure>\r\n<!-- \/wp:image -->\r\n\r\n<!-- wp:image {\"id\":30438,\"sizeSlug\":\"large\",\"linkDestination\":\"none\"} -->\r\n<figure class=\"wp-block-image size-large\"><\/figure>\r\n<!-- \/wp:image -->\r\n\r\n<!-- wp:image {\"id\":30441,\"sizeSlug\":\"large\",\"linkDestination\":\"none\"} \/-->\r\n\r\n<!-- wp:image {\"id\":30444,\"sizeSlug\":\"large\",\"linkDestination\":\"none\"} --><\/figure>\r\n<figure class=\"wp-block-image size-medium\"><img decoding=\"async\" width=\"300\" height=\"90\" class=\"wp-image-30552\" src=\"https:\/\/daphne.sk\/wp-content\/uploads\/2025\/03\/Interreg-Logo-Slovakia-Austria-CMYK-Color-02-300x90.png\" alt=\"\" srcset=\"https:\/\/daphne.sk\/wp-content\/uploads\/2025\/03\/Interreg-Logo-Slovakia-Austria-CMYK-Color-02-300x90.png 300w, https:\/\/daphne.sk\/wp-content\/uploads\/2025\/03\/Interreg-Logo-Slovakia-Austria-CMYK-Color-02-1024x308.png 1024w, https:\/\/daphne.sk\/wp-content\/uploads\/2025\/03\/Interreg-Logo-Slovakia-Austria-CMYK-Color-02-768x231.png 768w, https:\/\/daphne.sk\/wp-content\/uploads\/2025\/03\/Interreg-Logo-Slovakia-Austria-CMYK-Color-02-1536x462.png 1536w, https:\/\/daphne.sk\/wp-content\/uploads\/2025\/03\/Interreg-Logo-Slovakia-Austria-CMYK-Color-02.png 1903w\" sizes=\"(max-width: 300px) 100vw, 300px\" \/><\/figure>\r\n<!-- \/wp:image -->\r\n\r\n<!-- wp:image {\"id\":30592,\"sizeSlug\":\"large\",\"linkDestination\":\"none\"} -->\r\n<figure class=\"wp-block-image size-large\"><img decoding=\"async\" width=\"1024\" height=\"122\" class=\"wp-image-30592\" src=\"https:\/\/daphne.sk\/wp-content\/uploads\/2025\/03\/LISTA-ECOVISIT_02-3-1024x122.jpg\" alt=\"\" srcset=\"https:\/\/daphne.sk\/wp-content\/uploads\/2025\/03\/LISTA-ECOVISIT_02-3-1024x122.jpg 1024w, https:\/\/daphne.sk\/wp-content\/uploads\/2025\/03\/LISTA-ECOVISIT_02-3-300x36.jpg 300w, https:\/\/daphne.sk\/wp-content\/uploads\/2025\/03\/LISTA-ECOVISIT_02-3-768x91.jpg 768w, https:\/\/daphne.sk\/wp-content\/uploads\/2025\/03\/LISTA-ECOVISIT_02-3-1536x182.jpg 1536w, https:\/\/daphne.sk\/wp-content\/uploads\/2025\/03\/LISTA-ECOVISIT_02-3.jpg 1920w\" sizes=\"(max-width: 1024px) 100vw, 1024px\" \/><\/figure>\r\n<!-- \/wp:image -->","protected":false},"excerpt":{"rendered":"<p>Poz\u00fdvame v\u00e1s na bezplatn\u00fa exkurziu No\u010dn\u00e9 pozorovanie hmyzu \ud83e\udd8b\ud83e\udeb3\ud83e\udeb2\ud83c\udf19 d\u0148a 27.8.2025. Aj v\u00e1s zauj\u00edma, \u010do rob\u00ed hmyz v noci? \u00a0 Zvedavcov a z\u00e1ujemcov poz\u00fdvame na ve\u010dern\u00e9 pozorovanie hmyzu v okol\u00ed \u010cunova. Vyd\u00e1me sa k Hru\u0161ovskej zdr\u017ei aj do z\u00e1hrady Ekocentra \u010cunovo, aby sme objavili pestr\u00fd a fascinuj\u00faci svet no\u010dn\u00e9ho \u017eivota hmyzu \u2013 aj v bl\u00edzkosti<\/p>\n","protected":false},"author":16,"featured_media":31843,"comment_status":"closed","ping_status":"open","sticky":false,"template":"","format":"standard","meta":{"_uag_custom_page_level_css":"","_jetpack_memberships_contains_paid_content":false,"footnotes":""},"categories":[3,79,159],"tags":[],"kategoria-bigling":[],"class_list":["post-31832","post","type-post","status-publish","format-standard","has-post-thumbnail","hentry","category-aktuality","category-sk-clanky","category-kategoria-ziva-bratislava"],"jetpack_featured_media_url":"https:\/\/daphne.sk\/wp-content\/uploads\/2025\/08\/lisaj-pavooky_.jpg","uagb_featured_image_src":{"full":["https:\/\/daphne.sk\/wp-content\/uploads\/2025\/08\/lisaj-pavooky_.jpg",1920,1259,false],"thumbnail":["https:\/\/daphne.sk\/wp-content\/uploads\/2025\/08\/lisaj-pavooky_-150x150.jpg",150,150,true],"medium":["https:\/\/daphne.sk\/wp-content\/uploads\/2025\/08\/lisaj-pavooky_-300x197.jpg",300,197,true],"medium_large":["https:\/\/daphne.sk\/wp-content\/uploads\/2025\/08\/lisaj-pavooky_-768x504.jpg",768,504,true],"large":["https:\/\/daphne.sk\/wp-content\/uploads\/2025\/08\/lisaj-pavooky_-1024x671.jpg",1024,671,true],"1536x1536":["https:\/\/daphne.sk\/wp-content\/uploads\/2025\/08\/lisaj-pavooky_-1536x1007.jpg",1536,1007,true],"2048x2048":["https:\/\/daphne.sk\/wp-content\/uploads\/2025\/08\/lisaj-pavooky_.jpg",1920,1259,false],"woocommerce_thumbnail":["https:\/\/daphne.sk\/wp-content\/uploads\/2025\/08\/lisaj-pavooky_-450x450.jpg",450,450,true]},"uagb_author_info":{"display_name":"Daphne","author_link":"https:\/\/daphne.sk\/de\/author\/daphne\/"},"uagb_comment_info":0,"uagb_excerpt":"Poz\u00fdvame v\u00e1s na bezplatn\u00fa exkurziu No\u010dn\u00e9 pozorovanie hmyzu \ud83e\udd8b\ud83e\udeb3\ud83e\udeb2\ud83c\udf19 d\u0148a 27.8.2025. Aj v\u00e1s zauj\u00edma, \u010do rob\u00ed hmyz v noci? \u00a0 Zvedavcov a z\u00e1ujemcov poz\u00fdvame na ve\u010dern\u00e9 pozorovanie hmyzu v okol\u00ed \u010cunova. Vyd\u00e1me sa k Hru\u0161ovskej zdr\u017ei aj do z\u00e1hrady Ekocentra \u010cunovo, aby sme objavili pestr\u00fd a fascinuj\u00faci svet no\u010dn\u00e9ho \u017eivota hmyzu \u2013 aj v bl\u00edzkosti","jetpack_sharing_enabled":true,"meta_box":{"canky":false,"feature_image_off":"0"},"_links":{"self":[{"href":"https:\/\/daphne.sk\/de\/wp-json\/wp\/v2\/posts\/31832","targetHints":{"allow":["GET"]}}],"collection":[{"href":"https:\/\/daphne.sk\/de\/wp-json\/wp\/v2\/posts"}],"about":[{"href":"https:\/\/daphne.sk\/de\/wp-json\/wp\/v2\/types\/post"}],"author":[{"embeddable":true,"href":"https:\/\/daphne.sk\/de\/wp-json\/wp\/v2\/users\/16"}],"replies":[{"embeddable":true,"href":"https:\/\/daphne.sk\/de\/wp-json\/wp\/v2\/comments?post=31832"}],"version-history":[{"count":6,"href":"https:\/\/daphne.sk\/de\/wp-json\/wp\/v2\/posts\/31832\/revisions"}],"predecessor-version":[{"id":31852,"href":"https:\/\/daphne.sk\/de\/wp-json\/wp\/v2\/posts\/31832\/revisions\/31852"}],"wp:featuredmedia":[{"embeddable":true,"href":"https:\/\/daphne.sk\/de\/wp-json\/wp\/v2\/media\/31843"}],"wp:attachment":[{"href":"https:\/\/daphne.sk\/de\/wp-json\/wp\/v2\/media?parent=31832"}],"wp:term":[{"taxonomy":"category","embeddable":true,"href":"https:\/\/daphne.sk\/de\/wp-json\/wp\/v2\/categories?post=31832"},{"taxonomy":"post_tag","embeddable":true,"href":"https:\/\/daphne.sk\/de\/wp-json\/wp\/v2\/tags?post=31832"},{"taxonomy":"kategoria-bigling","embeddable":true,"href":"https:\/\/daphne.sk\/de\/wp-json\/wp\/v2\/kategoria-bigling?post=31832"}],"curies":[{"name":"wp","href":"https:\/\/api.w.org\/{rel}","templated":true}]}}