{"id":32052,"date":"2025-09-01T18:56:58","date_gmt":"2025-09-01T18:56:58","guid":{"rendered":"https:\/\/daphne.sk\/?p=32052"},"modified":"2025-09-30T12:22:21","modified_gmt":"2025-09-30T12:22:21","slug":"jesenne-stretnutia","status":"publish","type":"post","link":"https:\/\/daphne.sk\/de\/jesenne-stretnutia\/","title":{"rendered":"JESENN\u00c9 STRETNUTIA"},"content":{"rendered":"<hr data-start=\"369\" data-end=\"372\" \/>\r\n<h2 data-start=\"374\" data-end=\"420\"><strong data-start=\"377\" data-end=\"420\">V\u00fdzva na september.\u00a0<\/strong><\/h2>\r\n<p data-start=\"422\" data-end=\"638\">September je mesiac, ke\u010f sa pr\u00edroda e\u0161te nevzd\u00e1va leta, no z\u00e1rove\u0148 pomaly ukazuje, kam sa chyst\u00e1. Dni s\u00fa krat\u0161ie, svetlo je jemnej\u0161ie, no st\u00e1le dostato\u010dne tepl\u00e9 na pozorovanie druhov, ktor\u00e9 maj\u00fa pr\u00e1ve teraz svoj \u010das.<\/p>\r\n<p data-start=\"640\" data-end=\"908\">V lesoch sa objavuj\u00fa prv\u00e9 v\u00e1clavky a hlivy, po da\u017edi sa z p\u00f4dy dv\u00edhaj\u00fa plodnice h\u00fab a na slne\u010dn\u00fdch miestach kvitn\u00fa rastliny, ktor\u00e9 svoj vrchol dosahuj\u00fa a\u017e koncom sez\u00f3ny. K t\u00fdm vz\u00e1cnej\u0161\u00edm patr\u00ed napr\u00edklad pokrut jesenn\u00fd \u2013 nen\u00e1padn\u00e1 orchidea, ktor\u00fa treba h\u013eada\u0165 takmer potichu.<\/p>\r\n<p data-start=\"910\" data-end=\"1131\">Na l\u00fakach e\u0161te n\u00e1jdeme akt\u00edvne kobylky a modlivky, ktor\u00e9 v tomto obdob\u00ed klad\u00fa vaj\u00ed\u010dka. Na kr\u00eddlach mot\u00fd\u013eov, ako je bab\u00f4\u010dka admir\u00e1lska, sledujeme za\u010diatok jesennej migr\u00e1cie. Zmeny s\u00fa u\u017e c\u00edti\u0165, no pr\u00edroda je st\u00e1le v pohybe.<\/p>\r\n<p><!--more--><\/p>\r\n<!-- \/wp:post-content -->\r\n\r\n<!-- wp:paragraph -->\r\n<p data-start=\"607\" data-end=\"890\">Zapojte sa do septembrovej v\u00fdzvy \u017divej Bratislavy. Venujeme sa pozorovaniu druhov, ktor\u00e9 v tomto obdob\u00ed dokon\u010duj\u00fa svoj \u017eivotn\u00fd cyklus alebo sa pripravuj\u00fa na zimn\u00fd odpo\u010dinok. Pridajte sa k n\u00e1m \u2013 \u010dakaj\u00fa v\u00e1s tich\u00e9 stretnutia so vz\u00e1cnymi rastlinami, zauj\u00edmav\u00fdmi hubami a \u017eivo\u010d\u00edchmi, ktor\u00fdm jese\u0148 e\u0161te len za\u010d\u00edna.<\/p>\r\n<p>Pre mal\u00fdch aj ve\u013ek\u00fdch pozorovate\u013eov sme pripravili pracovn\u00e9 listy a omalov\u00e1nky, ktor\u00e9 v\u00e1m spr\u00edjemnia september v pr\u00edrode a premenia oby\u010dajn\u00fa prech\u00e1dzku na objavovanie skryt\u00fdch zauj\u00edmavost\u00ed.<\/p>\r\n<p><!-- \/wp:paragraph -->\r\n\r\n<!-- wp:heading {\"level\":3} --><\/p>\r\n<h3 class=\"wp-block-heading\"><strong>Rastliny<\/strong>\u00a0<\/h3>\r\n<p><!-- \/wp:heading -->\r\n\r\n<!-- wp:paragraph --><\/p>\r\n<p><strong>\u010co pr\u00e1ve kvitne? Pozorujte rastliny vo svojom okol\u00ed.<\/strong>\u00a0<\/p>\r\n<p><strong>Pokrut jesenn\u00fd \/ <em>Spiranthes spiralis<\/em><\/strong><\/p>\r\n<p>Patr\u00ed k najnesk\u00f4r kvitn\u00facim druhom eur\u00f3pskych orchide\u00ed. V s\u00fa\u010dasnosti je zaraden\u00fd medzi kriticky ohrozen\u00e9 druhy. Kvetenstvo je tvoren\u00e9 6-30 kvetmi , ktor\u00e9 s\u00fa usporiadan\u00e9 \u0161pir\u00e1lovite. Dorast\u00e1 do v\u00fd\u0161ky 10-25 cm.<\/p>\r\n<p><!-- \/wp:paragraph -->\r\n\r\n<!-- wp:media-text {\"mediaId\":30722,\"mediaLink\":\"https:\/\/daphne.sk\/?attachment_id=30722\",\"mediaType\":\"image\"} --><\/p>\r\n<div class=\"wp-block-media-text is-stacked-on-mobile\">\r\n<figure class=\"wp-block-media-text__media\"><img decoding=\"async\" class=\"alignnone wp-image-32055 size-full\" src=\"https:\/\/daphne.sk\/wp-content\/uploads\/2025\/09\/IMG_9435-1.webp\" alt=\"\" width=\"1920\" height=\"1440\" srcset=\"https:\/\/daphne.sk\/wp-content\/uploads\/2025\/09\/IMG_9435-1.webp 1920w, https:\/\/daphne.sk\/wp-content\/uploads\/2025\/09\/IMG_9435-1-300x225.webp 300w, https:\/\/daphne.sk\/wp-content\/uploads\/2025\/09\/IMG_9435-1-1024x768.webp 1024w, https:\/\/daphne.sk\/wp-content\/uploads\/2025\/09\/IMG_9435-1-768x576.webp 768w, https:\/\/daphne.sk\/wp-content\/uploads\/2025\/09\/IMG_9435-1-1536x1152.webp 1536w\" sizes=\"(max-width: 1920px) 100vw, 1920px\" \/><\/figure>\r\n<p style=\"text-align: right;\">\ud83d\udcf8 Silvia Winklerov\u00e1<\/p>\r\n<div class=\"wp-block-media-text__content\">\r\n<p><strong>Vrbica vrbolist\u00e1 \/ <em>Lythrum salicaria<\/em><\/strong><\/p>\r\n<p>Ob\u013eubuje vlhk\u00e9, slne\u010dn\u00e9 a\u017e polotie\u0148ov\u00e9 stanovi\u0161tia, mo\u010darist\u00e9 a\u017e zaplavovan\u00e9 miesta, mokr\u00e9 l\u00faky a \u0161trkovisk\u00e1. Je to trv\u00e1ca rastlina dorastaj\u00faca do v\u00fd\u0161ky 50-150 cm. Kvet m\u00e1 ru\u017eovej-ru\u017eovofialovej farby, zriedka bielej. Vrbica m\u00e1 ponoren\u00e9 v\u00fdhonky, ktor\u00e9 obsahuj\u00fa d\u00fdchacie pletivo (aerench\u00fdm). Medzi ope\u013eova\u010de tejto rastliny patria najm\u00e4 pestrice, mot\u00fdle a v\u010dely.<\/p>\r\n<\/div>\r\n<\/div>\r\n<p><!-- \/wp:media-text -->\r\n\r\n<!-- wp:spacer {\"height\":\"50px\"} --><\/p>\r\n<p><!-- \/wp:spacer -->\r\n\r\n<!-- wp:media-text {\"mediaId\":30723,\"mediaLink\":\"https:\/\/daphne.sk\/?attachment_id=30723\",\"mediaType\":\"image\"} --><\/p>\r\n<div class=\"wp-block-media-text is-stacked-on-mobile\">\r\n<figure class=\"wp-block-media-text__media\"><img decoding=\"async\" class=\"alignnone wp-image-32065 size-full\" src=\"https:\/\/daphne.sk\/wp-content\/uploads\/2025\/09\/IMG_6664-2.jpg\" alt=\"\" width=\"2846\" height=\"2134\" srcset=\"https:\/\/daphne.sk\/wp-content\/uploads\/2025\/09\/IMG_6664-2.jpg 2846w, https:\/\/daphne.sk\/wp-content\/uploads\/2025\/09\/IMG_6664-2-300x225.jpg 300w, https:\/\/daphne.sk\/wp-content\/uploads\/2025\/09\/IMG_6664-2-1024x768.jpg 1024w, https:\/\/daphne.sk\/wp-content\/uploads\/2025\/09\/IMG_6664-2-768x576.jpg 768w, https:\/\/daphne.sk\/wp-content\/uploads\/2025\/09\/IMG_6664-2-1536x1152.jpg 1536w, https:\/\/daphne.sk\/wp-content\/uploads\/2025\/09\/IMG_6664-2-2048x1536.jpg 2048w\" sizes=\"(max-width: 2846px) 100vw, 2846px\" \/><\/figure>\r\n<p style=\"text-align: right;\">\ud83d\udcf8 Silvia Winklerov\u00e1<\/p>\r\n<div class=\"wp-block-media-text__content\">\r\n<p><strong>Povoja plotn\u00e1 \/<\/strong><em><strong> Calystegia sepium<\/strong><\/em><\/p>\r\n<p class=\"paragraph\"><span class=\"normaltextrun\">Trv\u00e1ca pop\u00ednav\u00e1 rastlina, ktor\u00e1 sa vyskytuje pozd\u013a\u017e ciest, v z\u00e1hrad\u00e1ch a na brehoch vodn\u00fdch tokov. Lie\u010div\u00e1 rastlina, ktor\u00e1 sa pre svoje pestro sfarben\u00e9 kvety vyu\u017e\u00edva aj ako okrasn\u00e1 rastlina.\u00a0<\/span><span data-ccp-props=\"{&quot;134233117&quot;:false,&quot;134233118&quot;:false,&quot;201341983&quot;:0,&quot;335559738&quot;:0,&quot;335559739&quot;:0,&quot;335559740&quot;:257}\"><span class=\"eop\">\u00a0<\/span><\/span><\/p>\r\n<\/div>\r\n<\/div>\r\n<p><!-- \/wp:media-text -->\r\n\r\n<!-- wp:media-text {\"mediaId\":30421,\"mediaLink\":\"https:\/\/daphne.sk\/?attachment_id=30421\",\"mediaType\":\"image\"} --><\/p>\r\n<div class=\"wp-block-media-text is-stacked-on-mobile\">\r\n<figure class=\"wp-block-media-text__media\"><img decoding=\"async\" class=\"alignnone wp-image-32057 size-full\" src=\"https:\/\/daphne.sk\/wp-content\/uploads\/2025\/09\/Calystegia-sepium-.jpg\" alt=\"\" width=\"1920\" height=\"1259\" srcset=\"https:\/\/daphne.sk\/wp-content\/uploads\/2025\/09\/Calystegia-sepium-.jpg 1920w, https:\/\/daphne.sk\/wp-content\/uploads\/2025\/09\/Calystegia-sepium--300x197.jpg 300w, https:\/\/daphne.sk\/wp-content\/uploads\/2025\/09\/Calystegia-sepium--1024x671.jpg 1024w, https:\/\/daphne.sk\/wp-content\/uploads\/2025\/09\/Calystegia-sepium--768x504.jpg 768w, https:\/\/daphne.sk\/wp-content\/uploads\/2025\/09\/Calystegia-sepium--1536x1007.jpg 1536w\" sizes=\"(max-width: 1920px) 100vw, 1920px\" \/><\/figure>\r\n<p style=\"text-align: right;\">\ud83d\udcf8 Pixabay.com<\/p>\r\n<div class=\"wp-block-media-text__content\">\r\n<p><strong>Hadinec oby\u010dajn\u00fd \/ <em>Echium vulgare<\/em><\/strong><\/p>\r\n<p class=\"paragraph\"><span class=\"normaltextrun\">Dvojro\u010dn\u00e1 rastlina dorastaj\u00faca do v\u00fd\u0161ky 30-100cm. Farba kvetu prech\u00e1dza z ru\u017eovej farby cez fialov\u00fa a\u017e modr\u00fa. Vo v\u00fdnimo\u010dn\u00fdch pr\u00edpadoch m\u00f4\u017ee by\u0165 farba kvetu biela. Pomenovanie dostal pod\u013ea ru\u017eov\u00fdch vy\u010dnievaj\u00facich ty\u010diniek z kvetu \u2013 vyzeraj\u00fa ako jazyk hada.<\/span><span data-ccp-props=\"{&quot;134233117&quot;:false,&quot;134233118&quot;:false,&quot;201341983&quot;:0,&quot;335559738&quot;:0,&quot;335559739&quot;:160,&quot;335559740&quot;:257}\"><span class=\"eop\">\u00a0<\/span><\/span><\/p>\r\n<\/div>\r\n<\/div>\r\n<p><!-- \/wp:media-text -->\r\n\r\n<!-- wp:media-text {\"mediaId\":30424,\"mediaLink\":\"https:\/\/daphne.sk\/?attachment_id=30424\",\"mediaType\":\"image\"} --><\/p>\r\n<div class=\"wp-block-media-text is-stacked-on-mobile\">\r\n<figure class=\"wp-block-media-text__media\"><img decoding=\"async\" class=\"alignnone wp-image-32063 size-full\" src=\"https:\/\/daphne.sk\/wp-content\/uploads\/2025\/09\/Echium-vulgare-1-1.jpg\" alt=\"\" width=\"1920\" height=\"1080\" srcset=\"https:\/\/daphne.sk\/wp-content\/uploads\/2025\/09\/Echium-vulgare-1-1.jpg 1920w, https:\/\/daphne.sk\/wp-content\/uploads\/2025\/09\/Echium-vulgare-1-1-300x169.jpg 300w, https:\/\/daphne.sk\/wp-content\/uploads\/2025\/09\/Echium-vulgare-1-1-1024x576.jpg 1024w, https:\/\/daphne.sk\/wp-content\/uploads\/2025\/09\/Echium-vulgare-1-1-768x432.jpg 768w, https:\/\/daphne.sk\/wp-content\/uploads\/2025\/09\/Echium-vulgare-1-1-1536x864.jpg 1536w\" sizes=\"(max-width: 1920px) 100vw, 1920px\" \/><\/figure>\r\n<p style=\"text-align: right;\">\ud83d\udcf8 Pixabay.com<\/p>\r\n<div class=\"wp-block-media-text__content\">\r\n<p class=\"paragraph\" style=\"vertical-align: baseline; margin: 0cm 0cm 8.0pt 0cm;\">\u00a0<\/p>\r\n<\/div>\r\n<\/div>\r\n<p><!-- \/wp:media-text -->\r\n\r\n<!-- wp:paragraph --><\/p>\r\n<p><!-- \/wp:paragraph -->\r\n\r\n<!-- wp:heading {\"level\":3} --><\/p>\r\n<h3 class=\"wp-block-heading\"><strong>\u017divo\u010d\u00edchy<\/strong><\/h3>\r\n<p><!-- \/wp:heading -->\r\n\r\n<!-- wp:paragraph --><\/p>\r\n<p><strong>Ak\u00ed obyvatelia sa za\u010d\u00ednaj\u00fa v pr\u00edrode objavova\u0165? Pozorujte \u017eivo\u010d\u00edchy vo svojom okol\u00ed.<\/strong>\u00a0<\/p>\r\n<p><strong>S\u00e1ga stepn\u00e1 \/ <em>Saga pedo<\/em><\/strong><\/p>\r\n<p>Najv\u00e4\u010d\u0161\u00ed druh kobylky \u017eij\u00faci na Slovensku, dorastaj\u00faci do d\u013a\u017eky 12 cm. Je bezkr\u00eddla, predn\u00e9 nohy m\u00e1 prisp\u00f4soben\u00e9 na dr\u017eanie koristi, zadn\u00e9 nohy m\u00e1 mimoriadne dlh\u00e9 \u2013 kr\u00e1\u010da, ale nesk\u00e1\u010de\u00a0 ako in\u00e9 kobylky. Sfarbenie je slabozelen\u00e9. V\u00a0jesenn\u00fdch mesiacoch kladie vaj\u00ed\u010dka do zeme, ktor\u00e9 s\u00fa neobvykle ve\u013ek\u00e9 \u2013 11,8 x 3,8 mm. V\u00a0m\u00e1ji sa z\u00a0nich liahne nymfa, ktor\u00e1 je podobn\u00e1 dospel\u00e9mu jedincovi. Lov\u00ed drobn\u00fd hmyz, kon\u00edky, v\u00fdnimo\u010dne aj modlivky. Najakt\u00edvnej\u0161ia je ve\u010der a\u00a0v\u00a0noci. Pri tomto druhu s\u00fa zn\u00e1me len sami\u010dky, sam\u010dekovia neboli e\u0161te n\u00e1jden\u00ed. S\u00a0ve\u013ekou pravdepodobnos\u0165ou sa rozmno\u017euje partenogeneticky \u2013 vaj\u00ed\u010dka sa vyv\u00edjaj\u00fa bez oplodnenia.<\/p>\r\n<p><!-- \/wp:paragraph -->\r\n\r\n<!-- wp:media-text {\"mediaId\":30425,\"mediaLink\":\"https:\/\/daphne.sk\/?attachment_id=30425\",\"mediaType\":\"image\"} --><\/p>\r\n<div class=\"wp-block-media-text is-stacked-on-mobile\">\r\n<figure class=\"wp-block-media-text__media\"><img decoding=\"async\" class=\"alignnone wp-image-32091 size-full\" src=\"https:\/\/daphne.sk\/wp-content\/uploads\/2025\/09\/IMG_6303-1.webp\" alt=\"\" width=\"1920\" height=\"1441\" srcset=\"https:\/\/daphne.sk\/wp-content\/uploads\/2025\/09\/IMG_6303-1.webp 1920w, https:\/\/daphne.sk\/wp-content\/uploads\/2025\/09\/IMG_6303-1-300x225.webp 300w, https:\/\/daphne.sk\/wp-content\/uploads\/2025\/09\/IMG_6303-1-1024x769.webp 1024w, https:\/\/daphne.sk\/wp-content\/uploads\/2025\/09\/IMG_6303-1-768x576.webp 768w, https:\/\/daphne.sk\/wp-content\/uploads\/2025\/09\/IMG_6303-1-1536x1153.webp 1536w\" sizes=\"(max-width: 1920px) 100vw, 1920px\" \/><\/figure>\r\n<p style=\"text-align: right;\">\ud83d\udcf8 Silvia Winklerov\u00e1<\/p>\r\n<div class=\"wp-block-media-text__content\">\r\n<p class=\"paragraph\"><strong>Modlivka zelen\u00e1 \/<em> Mantis religiosa<\/em><\/strong><\/p>\r\n<p class=\"paragraph\"><span class=\"normaltextrun\">Uprednost\u0148uje such\u00e9 l\u00faky a kr\u00edky, such\u00e9 stepn\u00e9 oblasti. Sami\u010dka dorast\u00e1 do dl\u017aky 75mm, sam\u010dekovia 60mm. Sfarbenie modliviek b\u00fdvy svetlozelen\u00e9 a\u017e hned\u00e9, prisp\u00f4sobuje sa okolit\u00e9mu prostrediu. Hlava je trojuholn\u00edkov\u00e9ho tvaru s ve\u013ek\u00fdmi o\u010dami, m\u00e1 vynikaj\u00faci zrak. Patr\u00ed medzi hmyz s nedokonalou premenou \u2013 liahne sa priamo z vaj\u00ed\u010dka, nem\u00e1 \u0161t\u00e1dium larvy ani kukly. Kutikula, vrchn\u00e1 vrstva poko\u017eky, je ve\u013emi tvrd\u00e1 a pevn\u00e1. Pre svoj rast potrebuje poko\u017eku nieko\u013ekokr\u00e1t zvliec\u0165, v dospelosti sa u\u017e nezvliekaj\u00fa. Dospel\u00e9 jedince zimu nepre\u017eij\u00fa, av\u0161ak nakladen\u00e9 vaj\u00ed\u010dka, ktor\u00e9 s\u00fa zlepen\u00e9 do penov\u00e9ho p\u00fazdra \u2013 kok\u00f3nu -\u00a0 zimn\u00e9 obdobie nepo\u0161kod\u00ed. \u017divia sa v\u0161etk\u00fdmi druhmi hmyzu okrem s\u00e1gy stepnej.\u00a0<\/span><span data-ccp-props=\"{&quot;134233117&quot;:false,&quot;134233118&quot;:false,&quot;201341983&quot;:0,&quot;335559738&quot;:0,&quot;335559739&quot;:160,&quot;335559740&quot;:257}\"><span class=\"eop\">\u00a0<\/span><\/span><\/p>\r\n<\/div>\r\n<\/div>\r\n<p><!-- \/wp:media-text -->\r\n\r\n<!-- wp:spacer {\"height\":\"50px\"} \/-->\r\n\r\n<!-- wp:media-text {\"mediaId\":30426,\"mediaLink\":\"https:\/\/daphne.sk\/?attachment_id=30426\",\"mediaType\":\"image\"} --><\/p>\r\n<div class=\"wp-block-media-text is-stacked-on-mobile\">\r\n<figure class=\"wp-block-media-text__media\"><img decoding=\"async\" class=\"alignnone wp-image-32097 size-full\" src=\"https:\/\/daphne.sk\/wp-content\/uploads\/2025\/09\/IMG_9374-1.webp\" alt=\"\" width=\"1920\" height=\"1440\" srcset=\"https:\/\/daphne.sk\/wp-content\/uploads\/2025\/09\/IMG_9374-1.webp 1920w, https:\/\/daphne.sk\/wp-content\/uploads\/2025\/09\/IMG_9374-1-300x225.webp 300w, https:\/\/daphne.sk\/wp-content\/uploads\/2025\/09\/IMG_9374-1-1024x768.webp 1024w, https:\/\/daphne.sk\/wp-content\/uploads\/2025\/09\/IMG_9374-1-768x576.webp 768w, https:\/\/daphne.sk\/wp-content\/uploads\/2025\/09\/IMG_9374-1-1536x1152.webp 1536w\" sizes=\"(max-width: 1920px) 100vw, 1920px\" \/><\/figure>\r\n<p style=\"text-align: right;\">\ud83d\udcf8 Silvia Winklerov\u00e1<\/p>\r\n<div class=\"wp-block-media-text__content\">\r\n<p><strong>Bab\u00f4\u010dka admir\u00e1lska <em>\/ Vanessa atalanta<\/em><\/strong><\/p>\r\n<p>Vyskytuje sa najm\u00e4 na l\u00fakach , pasienkoch , v okol\u00ed vodn\u00fdch tokov, v z\u00e1hrad\u00e1ch. Na \u010diernohned\u00fdch kr\u00eddlach \u2013 rozp\u00e4tie 5-6 cm \u2013 m\u00e1 oran\u017eovo a\u017e \u010derveno sfarben\u00e9 pruhy. Na konci predn\u00fdch kr\u00eddel s\u00fa v\u00fdrazn\u00e9 biele \u0161kvrnym spodn\u00e1 strana predn\u00fdch kr\u00eddel je pestrofarebn\u00e1, zadn\u00e9 kr\u00eddla s\u00fa sivohnedo mramorovan\u00e9. Sami\u010dky klad\u00fa vaj\u00ed\u010dka najm\u00e4 na vrcholky rastliny ako je \u017eihlava alebo bodliak.<\/p>\r\n<\/div>\r\n<\/div>\r\n<p><!-- \/wp:media-text -->\r\n\r\n<!-- wp:spacer {\"height\":\"50px\"} \/-->\r\n\r\n<!-- wp:media-text {\"mediaId\":30427,\"mediaLink\":\"https:\/\/daphne.sk\/?attachment_id=30427\",\"mediaType\":\"image\"} --><\/p>\r\n<div class=\"wp-block-media-text is-stacked-on-mobile\">\r\n<figure class=\"wp-block-media-text__media\"><img decoding=\"async\" class=\"alignnone wp-image-32083 size-full\" src=\"https:\/\/daphne.sk\/wp-content\/uploads\/2025\/09\/IMG_0612-1.webp\" alt=\"\" width=\"1920\" height=\"1440\" srcset=\"https:\/\/daphne.sk\/wp-content\/uploads\/2025\/09\/IMG_0612-1.webp 1920w, https:\/\/daphne.sk\/wp-content\/uploads\/2025\/09\/IMG_0612-1-300x225.webp 300w, https:\/\/daphne.sk\/wp-content\/uploads\/2025\/09\/IMG_0612-1-1024x768.webp 1024w, https:\/\/daphne.sk\/wp-content\/uploads\/2025\/09\/IMG_0612-1-768x576.webp 768w, https:\/\/daphne.sk\/wp-content\/uploads\/2025\/09\/IMG_0612-1-1536x1152.webp 1536w\" sizes=\"(max-width: 1920px) 100vw, 1920px\" \/><\/figure>\r\n<p style=\"text-align: right;\">\ud83d\udcf8 Silvia Winklerov\u00e1<\/p>\r\n<div class=\"wp-block-media-text__content\">\r\n<p><strong>\u010cervienka oby\u010dajn\u00e1 \/ <em>Erithacus rubecula<\/em><\/strong><\/p>\r\n<p>M\u00e1 hned\u00e9 zafarbenie, spodn\u00fa \u010das\u0165 hlavy, boky krku a \u010das\u0165 hlavy tehlovo\u010dervenej farby, bru\u0161ko belavej farby, o\u010di m\u00e1 ve\u013ek\u00e9 a \u010dierne. Hniezdi 2- kr\u00e1t do roka \u2013 v apr\u00edli a v j\u00fani - v r\u00f4znych biotopoch, v lesoch s hust\u00fdmi krovinami, v sadoch, parkoch a z\u00e1hrad\u00e1ch. Hniezdo si stavia za zemi alebo n\u00edzko nad zemou. V preva\u017enej miere je s\u0165ahovav\u00e1, nieko\u013eko jedincov prezimuje aj u n\u00e1s. Odlieta v septembri a\u017e v okt\u00f3bri, n\u00e1vrat b\u00fdva v druhej polovici marca. \u017div\u00ed sa r\u00f4znym hmyzom, bezstavovcami, na jese\u0148 bobu\u013eami r\u00f4znych drev\u00edn.<\/p>\r\n<\/div>\r\n<\/div>\r\n<p><!-- \/wp:media-text -->\r\n\r\n<!-- wp:media-text {\"mediaId\":30428,\"mediaLink\":\"https:\/\/daphne.sk\/?attachment_id=30428\",\"mediaType\":\"image\"} --><\/p>\r\n<div class=\"wp-block-media-text is-stacked-on-mobile\">\r\n<figure class=\"wp-block-media-text__media\"><img decoding=\"async\" class=\"alignnone wp-image-32077 size-full\" src=\"https:\/\/daphne.sk\/wp-content\/uploads\/2025\/09\/Erithacus-rubecula-.jpg\" alt=\"\" width=\"1920\" height=\"1281\" srcset=\"https:\/\/daphne.sk\/wp-content\/uploads\/2025\/09\/Erithacus-rubecula-.jpg 1920w, https:\/\/daphne.sk\/wp-content\/uploads\/2025\/09\/Erithacus-rubecula--300x200.jpg 300w, https:\/\/daphne.sk\/wp-content\/uploads\/2025\/09\/Erithacus-rubecula--1024x683.jpg 1024w, https:\/\/daphne.sk\/wp-content\/uploads\/2025\/09\/Erithacus-rubecula--768x512.jpg 768w, https:\/\/daphne.sk\/wp-content\/uploads\/2025\/09\/Erithacus-rubecula--1536x1025.jpg 1536w\" sizes=\"(max-width: 1920px) 100vw, 1920px\" \/><\/figure>\r\n<p style=\"text-align: right;\">\ud83d\udcf8 Pixabay.com<\/p>\r\n<h3 class=\"wp-block-heading\"><strong>Huby<\/strong><\/h3>\r\n<p><!-- \/wp:media-text -->\r\n\r\n<!-- wp:paragraph --><\/p>\r\n<p><strong>Ak\u00e9 huby aktu\u00e1lne nach\u00e1dzame v pr\u00edrode?<\/strong><\/p>\r\n<p><strong>Uchovec bazov\u00fd \/<em> Auricularia auricula-judae<\/em><\/strong><\/p>\r\n<p>Vyskytuje sa od jari do zimy hlavne na \u017eivom a m\u0155tvom dreve bazy \u010diernej. Plodnice s\u00fa bledohnedej a\u017e sivohnedej farby, po da\u017edi s\u00fa m\u00e4kko m\u00e4sit\u00e9 a pru\u017en\u00e9, v \u010dase sucha s\u00fa tvrd\u00e9 a chrupkovit\u00e9. Obsahuje vitam\u00edny a miner\u00e1ly, vyu\u017e\u00edva sa pri bolestiach hrdla a o\u010d\u00ed, podporuje \u010dinnos\u0165 srdca, pe\u010dene a mozgu, zni\u017euje hladinu cholesterolu. Naz\u00fdva sa tie\u017e <span data-contrast=\"auto\">\u201cjud\u00e1\u0161ovo ucho\u201d.<\/span><span data-ccp-props=\"{&quot;134233117&quot;:false,&quot;134233118&quot;:false,&quot;201341983&quot;:0,&quot;335559738&quot;:0,&quot;335559739&quot;:160,&quot;335559740&quot;:257}\">\u00a0<\/span><\/p>\r\n<\/div>\r\n<p><!-- \/wp:paragraph -->\r\n\r\n<!-- wp:spacer {\"height\":\"50px\"} \/-->\r\n\r\n<!-- wp:media-text {\"mediaId\":30427,\"mediaLink\":\"https:\/\/daphne.sk\/?attachment_id=30427\",\"mediaType\":\"image\"} --><\/p>\r\n<div class=\"wp-block-media-text is-stacked-on-mobile\">\r\n<figure class=\"wp-block-media-text__media\"><img decoding=\"async\" class=\"alignnone wp-image-32102 size-full\" src=\"https:\/\/daphne.sk\/wp-content\/uploads\/2025\/09\/IMG_0403.jpg\" alt=\"\" width=\"2749\" height=\"2062\" srcset=\"https:\/\/daphne.sk\/wp-content\/uploads\/2025\/09\/IMG_0403.jpg 2749w, https:\/\/daphne.sk\/wp-content\/uploads\/2025\/09\/IMG_0403-300x225.jpg 300w, https:\/\/daphne.sk\/wp-content\/uploads\/2025\/09\/IMG_0403-1024x768.jpg 1024w, https:\/\/daphne.sk\/wp-content\/uploads\/2025\/09\/IMG_0403-768x576.jpg 768w, https:\/\/daphne.sk\/wp-content\/uploads\/2025\/09\/IMG_0403-1536x1152.jpg 1536w, https:\/\/daphne.sk\/wp-content\/uploads\/2025\/09\/IMG_0403-2048x1536.jpg 2048w\" sizes=\"(max-width: 2749px) 100vw, 2749px\" \/><\/figure>\r\n<p style=\"text-align: right;\">\ud83d\udcf8 Silvia Winklerov\u00e1<\/p>\r\n<div class=\"wp-block-media-text is-stacked-on-mobile\">\r\n<div class=\"wp-block-media-text__content\">\r\n<p class=\"paragraph\"><strong>S\u00edrovec oby\u010dajn\u00fd \/<em> Laetiporus sulphureus<\/em><\/strong><\/p>\r\n<p class=\"paragraph\"><span class=\"normaltextrun\">Rastie od m\u00e1ja do novembra na odumret\u00fdch ale aj \u017eiv\u00fdch kme\u0148och listnat\u00fdch stromov. Ob\u013eubuje hlavne tepl\u00e9 lu\u017en\u00e9 lesy. Klob\u00fak je vej\u00e1rovit\u00fd alebo polkruhov\u00fd, s\u00edrovo\u017eltej alebo okrovo\u017eltej farby, nesk\u00f4r \u017eltooran\u017eovej farby. Plodnice s\u00fa jedl\u00e9 k\u00fdm s\u00fa mlad\u00e9 \u0161\u0165avnat\u00e9.\u00a0<\/span><span data-ccp-props=\"{&quot;134233117&quot;:false,&quot;134233118&quot;:false,&quot;201341983&quot;:0,&quot;335559738&quot;:0,&quot;335559739&quot;:160,&quot;335559740&quot;:257}\"><span class=\"eop\">\u00a0<\/span><\/span><\/p>\r\n<\/div>\r\n<\/div>\r\n<p><!-- \/wp:media-text -->\r\n\r\n<!-- wp:spacer {\"height\":\"50px\"} \/-->\r\n\r\n<!-- wp:media-text {\"mediaId\":30427,\"mediaLink\":\"https:\/\/daphne.sk\/?attachment_id=30427\",\"mediaType\":\"image\"} --><\/p>\r\n<div class=\"wp-block-media-text is-stacked-on-mobile\">\r\n<figure class=\"wp-block-media-text__media\"><img decoding=\"async\" class=\"alignnone wp-image-32106 size-full\" src=\"https:\/\/daphne.sk\/wp-content\/uploads\/2025\/09\/Laetiporus-sulphureus.jpg\" alt=\"\" width=\"1280\" height=\"853\" srcset=\"https:\/\/daphne.sk\/wp-content\/uploads\/2025\/09\/Laetiporus-sulphureus.jpg 1280w, https:\/\/daphne.sk\/wp-content\/uploads\/2025\/09\/Laetiporus-sulphureus-300x200.jpg 300w, https:\/\/daphne.sk\/wp-content\/uploads\/2025\/09\/Laetiporus-sulphureus-1024x682.jpg 1024w, https:\/\/daphne.sk\/wp-content\/uploads\/2025\/09\/Laetiporus-sulphureus-768x512.jpg 768w\" sizes=\"(max-width: 1280px) 100vw, 1280px\" \/><\/figure>\r\n<p style=\"text-align: right;\">\ud83d\udcf8 Pixabay.com<\/p>\r\n<div class=\"wp-block-media-text is-stacked-on-mobile\">\r\n<div class=\"wp-block-media-text__content\">\r\n<p class=\"paragraph\"><strong>Podp\u0148ovka oby\u010dajn\u00e1 \/<em> Armillaria mellea<\/em><\/strong><\/p>\r\n<p>Rastie od augusta do okt\u00f3bra na v trsoch na p\u0148och a kore\u0148och listnat\u00fdch a ihli\u010dnat\u00fdch stromov. Pre ihli\u010dnat\u00e9 stromy je parazitom, hlavne pre borovicu a smrek. Prstencovitym druhom sa hovor\u00ed <span data-contrast=\"auto\">\u201cmichalk<\/span><span data-contrast=\"auto\">y<\/span><span data-contrast=\"auto\">\u201d alebo \u201cv\u00e1clavky\u201d, ke\u010f\u017ee zvy\u010dajne za\u010d\u00ednaj\u00fa r\u00e1s\u0165 na Michala a V\u00e1clava. Sfarbenie je medovo\u017elt\u00e9 a\u017e hrdzavohned\u00e9. Jedl\u00e1 huba, vyu\u017e\u00edva sa iba klob\u00fak, hl\u00fabiky s\u00fa pr\u00edli\u0161 tuh\u00e9.<\/span><span data-ccp-props=\"{&quot;134233117&quot;:false,&quot;134233118&quot;:false,&quot;201341983&quot;:0,&quot;335559738&quot;:0,&quot;335559739&quot;:160,&quot;335559740&quot;:257}\">\u00a0<\/span><\/p>\r\n<\/div>\r\n<\/div>\r\n<p><!-- \/wp:media-text -->\r\n\r\n<!-- wp:spacer {\"height\":\"50px\"} \/-->\r\n\r\n<!-- wp:media-text {\"mediaId\":30427,\"mediaLink\":\"https:\/\/daphne.sk\/?attachment_id=30427\",\"mediaType\":\"image\"} --><\/p>\r\n<div class=\"wp-block-media-text is-stacked-on-mobile\">\r\n<figure class=\"wp-block-media-text__media\"><img decoding=\"async\" class=\"alignnone wp-image-32100 size-full\" src=\"https:\/\/daphne.sk\/wp-content\/uploads\/2025\/09\/Armillaria-mellea-.jpg\" alt=\"\" width=\"1920\" height=\"1279\" srcset=\"https:\/\/daphne.sk\/wp-content\/uploads\/2025\/09\/Armillaria-mellea-.jpg 1920w, https:\/\/daphne.sk\/wp-content\/uploads\/2025\/09\/Armillaria-mellea--300x200.jpg 300w, https:\/\/daphne.sk\/wp-content\/uploads\/2025\/09\/Armillaria-mellea--1024x682.jpg 1024w, https:\/\/daphne.sk\/wp-content\/uploads\/2025\/09\/Armillaria-mellea--768x512.jpg 768w, https:\/\/daphne.sk\/wp-content\/uploads\/2025\/09\/Armillaria-mellea--1536x1023.jpg 1536w\" sizes=\"(max-width: 1920px) 100vw, 1920px\" \/><\/figure>\r\n<p style=\"text-align: right;\">\ud83d\udcf8 Pixabay.com<\/p>\r\n<div class=\"wp-block-media-text is-stacked-on-mobile\">\r\n<div class=\"wp-block-media-text__content\">\r\n<p class=\"paragraph\"><strong>Hliva dubov\u00e1 \/<em> Pleurotus dryinus<\/em><\/strong><\/p>\r\n<p class=\"paragraph\"><span class=\"normaltextrun\">Vyskytuje sa od septembra do novembra na kme\u0148och listnat\u00fdch stromov, najm\u00e4 dubov a bukov ale aj na ihli\u010dnat\u00fdch stromoch, napr. na smreku. Klob\u00fak m\u00e1 v mladosti polkruhov\u00fd, nesk\u00f4r a\u017e ploch\u00fd. Jedl\u00e1 huba pr\u00edjemnej chuti. Charakteristick\u00fdm znakom je \u017eltn\u00faca du\u017eina.<\/span><span data-ccp-props=\"{&quot;134233117&quot;:false,&quot;134233118&quot;:false,&quot;201341983&quot;:0,&quot;335559738&quot;:0,&quot;335559739&quot;:160,&quot;335559740&quot;:257}\"><span class=\"eop\">\u00a0<\/span><\/span><\/p>\r\n<\/div>\r\n<\/div>\r\n<p><!-- \/wp:media-text -->\r\n\r\n<!-- wp:spacer {\"height\":\"50px\"} \/-->\r\n\r\n<!-- wp:media-text {\"mediaId\":30427,\"mediaLink\":\"https:\/\/daphne.sk\/?attachment_id=30427\",\"mediaType\":\"image\"} --><\/p>\r\n<div class=\"wp-block-media-text is-stacked-on-mobile\">\r\n<figure class=\"wp-block-media-text__media\"><img decoding=\"async\" class=\"alignnone wp-image-32108 size-full\" src=\"https:\/\/daphne.sk\/wp-content\/uploads\/2025\/09\/mushrooms-5790829.jpg\" alt=\"\" width=\"1920\" height=\"1280\" srcset=\"https:\/\/daphne.sk\/wp-content\/uploads\/2025\/09\/mushrooms-5790829.jpg 1920w, https:\/\/daphne.sk\/wp-content\/uploads\/2025\/09\/mushrooms-5790829-300x200.jpg 300w, https:\/\/daphne.sk\/wp-content\/uploads\/2025\/09\/mushrooms-5790829-1024x683.jpg 1024w, https:\/\/daphne.sk\/wp-content\/uploads\/2025\/09\/mushrooms-5790829-768x512.jpg 768w, https:\/\/daphne.sk\/wp-content\/uploads\/2025\/09\/mushrooms-5790829-1536x1024.jpg 1536w\" sizes=\"(max-width: 1920px) 100vw, 1920px\" \/><\/figure>\r\n<p style=\"text-align: right;\">\ud83d\udcf8 Pixabay.com<\/p>\r\n<\/div>\r\n<\/div>\r\n<\/div>\r\n<\/div>\r\n<p class=\"paragraph\">\u00a0<\/p>\r\n<h3 class=\"wp-block-heading\"><strong>Hrav\u00e9 aktivity pre rodiny s de\u0165mi<\/strong><\/h3>\r\n<p><!-- \/wp:media-text -->\r\n\r\n<!-- wp:media-text {\"mediaId\":30483,\"mediaLink\":\"https:\/\/daphne.sk\/?attachment_id=30483\",\"mediaType\":\"image\"} --><\/p>\r\n<div class=\"wp-block-media-text is-stacked-on-mobile\">\r\n<figure class=\"wp-block-media-text__media\"><img decoding=\"async\" width=\"1024\" height=\"683\" class=\"wp-image-30483 size-full\" src=\"https:\/\/daphne.sk\/wp-content\/uploads\/2025\/03\/hands-2847508_1920-1-1024x683.jpg\" alt=\"\" srcset=\"https:\/\/daphne.sk\/wp-content\/uploads\/2025\/03\/hands-2847508_1920-1-1024x683.jpg 1024w, https:\/\/daphne.sk\/wp-content\/uploads\/2025\/03\/hands-2847508_1920-1-300x200.jpg 300w, https:\/\/daphne.sk\/wp-content\/uploads\/2025\/03\/hands-2847508_1920-1-768x512.jpg 768w, https:\/\/daphne.sk\/wp-content\/uploads\/2025\/03\/hands-2847508_1920-1-1536x1024.jpg 1536w, https:\/\/daphne.sk\/wp-content\/uploads\/2025\/03\/hands-2847508_1920-1.jpg 1920w\" sizes=\"(max-width: 1024px) 100vw, 1024px\" \/><\/figure>\r\n<p>Pre deti sme pripravili <strong>omalov\u00e1nky \"<a href=\"https:\/\/daphne.sk\/wp-content\/uploads\/2025\/09\/modlivka.jpeg\">modlivka<\/a>\"<\/strong> a <a href=\"https:\/\/daphne.sk\/wp-content\/uploads\/2025\/09\/saga_stepna.jpeg\"><strong>\"s\u00e1ga stepn\u00e1\"<\/strong><\/a> z na\u0161ej publik\u00e1cie \"Svet l\u00fak a pasienkov\".\u00a0<\/p>\r\n<p>Z pr\u00edru\u010dky \"Svet viatych pieskov pre mlad\u00fdch objavite\u013eov\" m\u00e1me pre v\u00e1s <strong>pracovn\u00fd list<\/strong> <a href=\"https:\/\/daphne.sk\/wp-content\/uploads\/2025\/09\/Svet_pieskov_2017_web-images-16.jpg\"><strong>\"N\u00e1\u0161 najv\u00e4\u010d\u0161\u00ed kon\u00edk\"<\/strong><\/a> a z pr\u00edru\u010dky\u00a0\"Svet slan\u00edsk pre mlad\u00fdch objavite\u013eov\" <strong>pracovn\u00fd list <a href=\"https:\/\/daphne.sk\/wp-content\/uploads\/2025\/09\/Svet_slanisk_2017_web-images-17.jpg\">\"Kon\u00edk \u010di kobylka\"<\/a>.<\/strong><\/p>\r\n<p>&nbsp;<\/p>\r\n<\/div>\r\n<p><!-- \/wp:media-text -->\r\n\r\n<!-- wp:paragraph --><\/p>\r\n<p><!-- \/wp:paragraph -->\r\n\r\n<!-- wp:heading {\"level\":3} --><\/p>\r\n<p><!-- \/wp:heading -->\r\n\r\n<!-- wp:meta-box\/vyberove-clanky {\"id\":\"mb-block-818c0db0-7cba-4300-b67d-8404a8764377\",\"data\":{\"rwmb_cleanup\":[\"[]\"],\"name\":\"vyberove-clanky\",\"canky\":[30433,30540]}} \/-->\r\n\r\n<!-- wp:paragraph --><\/p>\r\n<p>Iniciat\u00edva \u017div\u00e1 Bratislava, exkurzie pre verejnos\u0165 a pre \u0161koly sa konaj\u00fa bezplatne v\u00a0r\u00e1mci cezhrani\u010dn\u00e9ho, rak\u00fasko-slovensk\u00e9ho projektu <a href=\"https:\/\/daphne.sk\/projekt\/zapojenie-navstevnikov-do-ochrany-biodiverzity-v-cezhranicnom-regione-slovenska-a-rakuska\/\">Ecovisit SKAT \u2013 Zapojenie n\u00e1v\u0161tevn\u00edkov do ochrany biodiverzity v cezhrani\u010dnom regi\u00f3ne Slovenska a Rak\u00faska<\/a> v r\u00e1mci Programu spolupr\u00e1ce INTERREG VI-A SK-AT, spolufinancovan\u00e9ho z Eur\u00f3pskeho fondu region\u00e1lneho rozvoja.\u00a0<\/p>\r\n<p><!-- \/wp:paragraph -->\r\n\r\n<!-- wp:image {\"id\":30552,\"sizeSlug\":\"medium\",\"linkDestination\":\"none\"} --><\/p>\r\n<figure class=\"wp-block-image size-medium\"><img decoding=\"async\" width=\"300\" height=\"90\" class=\"wp-image-30552\" src=\"https:\/\/daphne.sk\/wp-content\/uploads\/2025\/03\/Interreg-Logo-Slovakia-Austria-CMYK-Color-02-300x90.png\" alt=\"\" srcset=\"https:\/\/daphne.sk\/wp-content\/uploads\/2025\/03\/Interreg-Logo-Slovakia-Austria-CMYK-Color-02-300x90.png 300w, https:\/\/daphne.sk\/wp-content\/uploads\/2025\/03\/Interreg-Logo-Slovakia-Austria-CMYK-Color-02-1024x308.png 1024w, https:\/\/daphne.sk\/wp-content\/uploads\/2025\/03\/Interreg-Logo-Slovakia-Austria-CMYK-Color-02-768x231.png 768w, https:\/\/daphne.sk\/wp-content\/uploads\/2025\/03\/Interreg-Logo-Slovakia-Austria-CMYK-Color-02-1536x462.png 1536w, https:\/\/daphne.sk\/wp-content\/uploads\/2025\/03\/Interreg-Logo-Slovakia-Austria-CMYK-Color-02.png 1903w\" sizes=\"(max-width: 300px) 100vw, 300px\" \/><\/figure>\r\n<p><!-- \/wp:image -->\r\n\r\n<!-- wp:image {\"id\":30597,\"sizeSlug\":\"large\",\"linkDestination\":\"none\"} --><\/p>\r\n<figure class=\"wp-block-image size-large\"><img decoding=\"async\" width=\"1024\" height=\"122\" class=\"wp-image-30597\" src=\"https:\/\/daphne.sk\/wp-content\/uploads\/2025\/03\/LISTA-ECOVISIT_02-3-1-1024x122.jpg\" alt=\"\" srcset=\"https:\/\/daphne.sk\/wp-content\/uploads\/2025\/03\/LISTA-ECOVISIT_02-3-1-1024x122.jpg 1024w, https:\/\/daphne.sk\/wp-content\/uploads\/2025\/03\/LISTA-ECOVISIT_02-3-1-300x36.jpg 300w, https:\/\/daphne.sk\/wp-content\/uploads\/2025\/03\/LISTA-ECOVISIT_02-3-1-768x91.jpg 768w, https:\/\/daphne.sk\/wp-content\/uploads\/2025\/03\/LISTA-ECOVISIT_02-3-1-1536x182.jpg 1536w, https:\/\/daphne.sk\/wp-content\/uploads\/2025\/03\/LISTA-ECOVISIT_02-3-1.jpg 1920w\" sizes=\"(max-width: 1024px) 100vw, 1024px\" \/><\/figure>\r\n<p><!-- \/wp:image --><\/p>","protected":false},"excerpt":{"rendered":"<p>V\u00fdzva na september.\u00a0 September je mesiac, ke\u010f sa pr\u00edroda e\u0161te nevzd\u00e1va leta, no z\u00e1rove\u0148 pomaly ukazuje, kam sa chyst\u00e1. Dni s\u00fa krat\u0161ie, svetlo je jemnej\u0161ie, no st\u00e1le dostato\u010dne tepl\u00e9 na pozorovanie druhov, ktor\u00e9 maj\u00fa pr\u00e1ve teraz svoj \u010das. V lesoch sa objavuj\u00fa prv\u00e9 v\u00e1clavky a hlivy, po da\u017edi sa z p\u00f4dy dv\u00edhaj\u00fa plodnice h\u00fab a<\/p>\n","protected":false},"author":16,"featured_media":32087,"comment_status":"closed","ping_status":"open","sticky":false,"template":"","format":"standard","meta":{"_uag_custom_page_level_css":"","_jetpack_memberships_contains_paid_content":false,"footnotes":""},"categories":[3,79,159],"tags":[],"kategoria-bigling":[],"class_list":["post-32052","post","type-post","status-publish","format-standard","has-post-thumbnail","hentry","category-aktuality","category-sk-clanky","category-kategoria-ziva-bratislava"],"jetpack_featured_media_url":"https:\/\/daphne.sk\/wp-content\/uploads\/2025\/09\/IMG_4096-1.webp","uagb_featured_image_src":{"full":["https:\/\/daphne.sk\/wp-content\/uploads\/2025\/09\/IMG_4096-1.webp",1920,1440,false],"thumbnail":["https:\/\/daphne.sk\/wp-content\/uploads\/2025\/09\/IMG_4096-1-150x150.webp",150,150,true],"medium":["https:\/\/daphne.sk\/wp-content\/uploads\/2025\/09\/IMG_4096-1-300x225.webp",300,225,true],"medium_large":["https:\/\/daphne.sk\/wp-content\/uploads\/2025\/09\/IMG_4096-1-768x576.webp",768,576,true],"large":["https:\/\/daphne.sk\/wp-content\/uploads\/2025\/09\/IMG_4096-1-1024x768.webp",1024,768,true],"1536x1536":["https:\/\/daphne.sk\/wp-content\/uploads\/2025\/09\/IMG_4096-1-1536x1152.webp",1536,1152,true],"2048x2048":["https:\/\/daphne.sk\/wp-content\/uploads\/2025\/09\/IMG_4096-1.webp",1920,1440,false],"woocommerce_thumbnail":["https:\/\/daphne.sk\/wp-content\/uploads\/2025\/09\/IMG_4096-1-450x450.webp",450,450,true]},"uagb_author_info":{"display_name":"Daphne","author_link":"https:\/\/daphne.sk\/de\/author\/daphne\/"},"uagb_comment_info":0,"uagb_excerpt":"V\u00fdzva na september.\u00a0 September je mesiac, ke\u010f sa pr\u00edroda e\u0161te nevzd\u00e1va leta, no z\u00e1rove\u0148 pomaly ukazuje, kam sa chyst\u00e1. Dni s\u00fa krat\u0161ie, svetlo je jemnej\u0161ie, no st\u00e1le dostato\u010dne tepl\u00e9 na pozorovanie druhov, ktor\u00e9 maj\u00fa pr\u00e1ve teraz svoj \u010das. V lesoch sa objavuj\u00fa prv\u00e9 v\u00e1clavky a hlivy, po da\u017edi sa z p\u00f4dy dv\u00edhaj\u00fa plodnice h\u00fab a","jetpack_sharing_enabled":true,"meta_box":{"canky":false,"feature_image_off":"0"},"_links":{"self":[{"href":"https:\/\/daphne.sk\/de\/wp-json\/wp\/v2\/posts\/32052","targetHints":{"allow":["GET"]}}],"collection":[{"href":"https:\/\/daphne.sk\/de\/wp-json\/wp\/v2\/posts"}],"about":[{"href":"https:\/\/daphne.sk\/de\/wp-json\/wp\/v2\/types\/post"}],"author":[{"embeddable":true,"href":"https:\/\/daphne.sk\/de\/wp-json\/wp\/v2\/users\/16"}],"replies":[{"embeddable":true,"href":"https:\/\/daphne.sk\/de\/wp-json\/wp\/v2\/comments?post=32052"}],"version-history":[{"count":8,"href":"https:\/\/daphne.sk\/de\/wp-json\/wp\/v2\/posts\/32052\/revisions"}],"predecessor-version":[{"id":32309,"href":"https:\/\/daphne.sk\/de\/wp-json\/wp\/v2\/posts\/32052\/revisions\/32309"}],"wp:featuredmedia":[{"embeddable":true,"href":"https:\/\/daphne.sk\/de\/wp-json\/wp\/v2\/media\/32087"}],"wp:attachment":[{"href":"https:\/\/daphne.sk\/de\/wp-json\/wp\/v2\/media?parent=32052"}],"wp:term":[{"taxonomy":"category","embeddable":true,"href":"https:\/\/daphne.sk\/de\/wp-json\/wp\/v2\/categories?post=32052"},{"taxonomy":"post_tag","embeddable":true,"href":"https:\/\/daphne.sk\/de\/wp-json\/wp\/v2\/tags?post=32052"},{"taxonomy":"kategoria-bigling","embeddable":true,"href":"https:\/\/daphne.sk\/de\/wp-json\/wp\/v2\/kategoria-bigling?post=32052"}],"curies":[{"name":"wp","href":"https:\/\/api.w.org\/{rel}","templated":true}]}}