{"id":32240,"date":"2025-09-26T12:15:44","date_gmt":"2025-09-26T12:15:44","guid":{"rendered":"https:\/\/daphne.sk\/?p=32240"},"modified":"2025-09-26T12:32:02","modified_gmt":"2025-09-26T12:32:02","slug":"europska-noc-vedy","status":"publish","type":"post","link":"https:\/\/daphne.sk\/de\/europska-noc-vedy\/","title":{"rendered":"EUR\u00d3PSKA NOC VEDY"},"content":{"rendered":"<span class=\"x193iq5w xeuugli x13faqbe x1vvkbs xlh3980 xvmahel x1n0sxbx x1lliihq x1s928wv xhkezso x1gmr53x x1cpjm7i x1fgarty x1943h6x xudqn12 x3x7a5m x6prxxf xvq8zen xo1l8bm xzsf02u\" dir=\"auto\">Najv\u00e4\u010d\u0161\u00ed vedeck\u00fd festival na Slovensku prin\u00e1\u0161a v piatok 26. septembra do Bratislavy, Ko\u0161\u00edc, Banskej Bystrice, \u017diliny a Popradu fascinuj\u00faci svet vedy, v\u00fdskumu a inov\u00e1ci\u00ed \u2013 zrozumite\u013ene, p\u00fatavo a pre v\u0161etk\u00fdch!<\/span>\r\n\r\nSme radi, \u017ee s na\u0161ou iniciat\u00edvou \u017div\u00e1 Bratislava m\u00f4\u017eeme by\u0165 s\u00fa\u010das\u0165ou tohoto v\u00fdznamn\u00e9ho podujatia.\r\n\r\nV spolupr\u00e1ci s Ob\u010dianskou vedou na Slovensku n\u00e1s n\u00e1jdete za jedn\u00fdm stolom. Te\u0161\u00edme sa na V\u00e1s.\r\n\r\n<img decoding=\"async\" class=\"alignnone size-full wp-image-32241\" src=\"https:\/\/daphne.sk\/wp-content\/uploads\/2025\/09\/IMG_4065.jpg\" alt=\"\" width=\"1920\" height=\"1469\" srcset=\"https:\/\/daphne.sk\/wp-content\/uploads\/2025\/09\/IMG_4065.jpg 1920w, https:\/\/daphne.sk\/wp-content\/uploads\/2025\/09\/IMG_4065-300x230.jpg 300w, https:\/\/daphne.sk\/wp-content\/uploads\/2025\/09\/IMG_4065-1024x783.jpg 1024w, https:\/\/daphne.sk\/wp-content\/uploads\/2025\/09\/IMG_4065-768x588.jpg 768w, https:\/\/daphne.sk\/wp-content\/uploads\/2025\/09\/IMG_4065-1536x1175.jpg 1536w\" sizes=\"(max-width: 1920px) 100vw, 1920px\" \/>\r\n\r\nIniciat\u00edva \u017div\u00e1 Bratislava, exkurzie pre verejnos\u0165 a pre \u0161koly sa konaj\u00fa bezplatne v r\u00e1mci cezhrani\u010dn\u00e9ho, rak\u00fasko-slovensk\u00e9ho projektu <a href=\"https:\/\/daphne.sk\/projekt\/zapojenie-navstevnikov-do-ochrany-biodiverzity-v-cezhranicnom-regione-slovenska-a-rakuska\/\">Ecovisit SKAT \u2013 Zapojenie n\u00e1v\u0161tevn\u00edkov do ochrany biodiverzity v cezhrani\u010dnom regi\u00f3ne Slovenska a Rak\u00faska<\/a> v r\u00e1mci Programu spolupr\u00e1ce INTERREG VI-A SK-AT, spolufinancovan\u00e9ho z Eur\u00f3pskeho fondu region\u00e1lneho rozvoja.\r\n\r\n<!-- \/wp:post-content --><!-- wp:image {\"id\":30552,\"sizeSlug\":\"medium\",\"linkDestination\":\"none\"} -->\r\n<figure class=\"wp-block-image size-medium\"><img decoding=\"async\" width=\"300\" height=\"90\" class=\"wp-image-30552\" src=\"https:\/\/daphne.sk\/wp-content\/uploads\/2025\/03\/Interreg-Logo-Slovakia-Austria-CMYK-Color-02-300x90.png\" alt=\"\" srcset=\"https:\/\/daphne.sk\/wp-content\/uploads\/2025\/03\/Interreg-Logo-Slovakia-Austria-CMYK-Color-02-300x90.png 300w, https:\/\/daphne.sk\/wp-content\/uploads\/2025\/03\/Interreg-Logo-Slovakia-Austria-CMYK-Color-02-1024x308.png 1024w, https:\/\/daphne.sk\/wp-content\/uploads\/2025\/03\/Interreg-Logo-Slovakia-Austria-CMYK-Color-02-768x231.png 768w, https:\/\/daphne.sk\/wp-content\/uploads\/2025\/03\/Interreg-Logo-Slovakia-Austria-CMYK-Color-02-1536x462.png 1536w, https:\/\/daphne.sk\/wp-content\/uploads\/2025\/03\/Interreg-Logo-Slovakia-Austria-CMYK-Color-02.png 1903w\" sizes=\"(max-width: 300px) 100vw, 300px\" \/><\/figure>\r\n<!-- \/wp:image --><!-- wp:image {\"id\":30597,\"sizeSlug\":\"large\",\"linkDestination\":\"none\"} -->\r\n<figure class=\"wp-block-image size-large\"><img decoding=\"async\" width=\"1024\" height=\"122\" class=\"wp-image-30597\" src=\"https:\/\/daphne.sk\/wp-content\/uploads\/2025\/03\/LISTA-ECOVISIT_02-3-1-1024x122.jpg\" alt=\"\" srcset=\"https:\/\/daphne.sk\/wp-content\/uploads\/2025\/03\/LISTA-ECOVISIT_02-3-1-1024x122.jpg 1024w, https:\/\/daphne.sk\/wp-content\/uploads\/2025\/03\/LISTA-ECOVISIT_02-3-1-300x36.jpg 300w, https:\/\/daphne.sk\/wp-content\/uploads\/2025\/03\/LISTA-ECOVISIT_02-3-1-768x91.jpg 768w, https:\/\/daphne.sk\/wp-content\/uploads\/2025\/03\/LISTA-ECOVISIT_02-3-1-1536x182.jpg 1536w, https:\/\/daphne.sk\/wp-content\/uploads\/2025\/03\/LISTA-ECOVISIT_02-3-1.jpg 1920w\" sizes=\"(max-width: 1024px) 100vw, 1024px\" \/><\/figure>","protected":false},"excerpt":{"rendered":"<p>Najv\u00e4\u010d\u0161\u00ed vedeck\u00fd festival na Slovensku prin\u00e1\u0161a v piatok 26. septembra do Bratislavy, Ko\u0161\u00edc, Banskej Bystrice, \u017diliny a Popradu fascinuj\u00faci svet vedy, v\u00fdskumu a inov\u00e1ci\u00ed \u2013 zrozumite\u013ene, p\u00fatavo a pre v\u0161etk\u00fdch! Sme radi, \u017ee s na\u0161ou iniciat\u00edvou \u017div\u00e1 Bratislava m\u00f4\u017eeme by\u0165 s\u00fa\u010das\u0165ou tohoto v\u00fdznamn\u00e9ho podujatia. V spolupr\u00e1ci s Ob\u010dianskou vedou na Slovensku n\u00e1s n\u00e1jdete za jedn\u00fdm<\/p>\n","protected":false},"author":16,"featured_media":32245,"comment_status":"closed","ping_status":"open","sticky":false,"template":"","format":"standard","meta":{"_uag_custom_page_level_css":"","_jetpack_memberships_contains_paid_content":false,"footnotes":""},"categories":[3,79,159],"tags":[],"kategoria-bigling":[],"class_list":["post-32240","post","type-post","status-publish","format-standard","has-post-thumbnail","hentry","category-aktuality","category-sk-clanky","category-kategoria-ziva-bratislava"],"jetpack_featured_media_url":"https:\/\/daphne.sk\/wp-content\/uploads\/2025\/09\/DSC_3923.jpg","uagb_featured_image_src":{"full":["https:\/\/daphne.sk\/wp-content\/uploads\/2025\/09\/DSC_3923.jpg",1920,1280,false],"thumbnail":["https:\/\/daphne.sk\/wp-content\/uploads\/2025\/09\/DSC_3923-150x150.jpg",150,150,true],"medium":["https:\/\/daphne.sk\/wp-content\/uploads\/2025\/09\/DSC_3923-300x200.jpg",300,200,true],"medium_large":["https:\/\/daphne.sk\/wp-content\/uploads\/2025\/09\/DSC_3923-768x512.jpg",768,512,true],"large":["https:\/\/daphne.sk\/wp-content\/uploads\/2025\/09\/DSC_3923-1024x683.jpg",1024,683,true],"1536x1536":["https:\/\/daphne.sk\/wp-content\/uploads\/2025\/09\/DSC_3923-1536x1024.jpg",1536,1024,true],"2048x2048":["https:\/\/daphne.sk\/wp-content\/uploads\/2025\/09\/DSC_3923.jpg",1920,1280,false],"woocommerce_thumbnail":["https:\/\/daphne.sk\/wp-content\/uploads\/2025\/09\/DSC_3923-450x450.jpg",450,450,true]},"uagb_author_info":{"display_name":"Daphne","author_link":"https:\/\/daphne.sk\/de\/author\/daphne\/"},"uagb_comment_info":0,"uagb_excerpt":"Najv\u00e4\u010d\u0161\u00ed vedeck\u00fd festival na Slovensku prin\u00e1\u0161a v piatok 26. septembra do Bratislavy, Ko\u0161\u00edc, Banskej Bystrice, \u017diliny a Popradu fascinuj\u00faci svet vedy, v\u00fdskumu a inov\u00e1ci\u00ed \u2013 zrozumite\u013ene, p\u00fatavo a pre v\u0161etk\u00fdch! Sme radi, \u017ee s na\u0161ou iniciat\u00edvou \u017div\u00e1 Bratislava m\u00f4\u017eeme by\u0165 s\u00fa\u010das\u0165ou tohoto v\u00fdznamn\u00e9ho podujatia. V spolupr\u00e1ci s Ob\u010dianskou vedou na Slovensku n\u00e1s n\u00e1jdete za jedn\u00fdm","jetpack_sharing_enabled":true,"meta_box":{"canky":false,"feature_image_off":"0"},"_links":{"self":[{"href":"https:\/\/daphne.sk\/de\/wp-json\/wp\/v2\/posts\/32240","targetHints":{"allow":["GET"]}}],"collection":[{"href":"https:\/\/daphne.sk\/de\/wp-json\/wp\/v2\/posts"}],"about":[{"href":"https:\/\/daphne.sk\/de\/wp-json\/wp\/v2\/types\/post"}],"author":[{"embeddable":true,"href":"https:\/\/daphne.sk\/de\/wp-json\/wp\/v2\/users\/16"}],"replies":[{"embeddable":true,"href":"https:\/\/daphne.sk\/de\/wp-json\/wp\/v2\/comments?post=32240"}],"version-history":[{"count":6,"href":"https:\/\/daphne.sk\/de\/wp-json\/wp\/v2\/posts\/32240\/revisions"}],"predecessor-version":[{"id":32249,"href":"https:\/\/daphne.sk\/de\/wp-json\/wp\/v2\/posts\/32240\/revisions\/32249"}],"wp:featuredmedia":[{"embeddable":true,"href":"https:\/\/daphne.sk\/de\/wp-json\/wp\/v2\/media\/32245"}],"wp:attachment":[{"href":"https:\/\/daphne.sk\/de\/wp-json\/wp\/v2\/media?parent=32240"}],"wp:term":[{"taxonomy":"category","embeddable":true,"href":"https:\/\/daphne.sk\/de\/wp-json\/wp\/v2\/categories?post=32240"},{"taxonomy":"post_tag","embeddable":true,"href":"https:\/\/daphne.sk\/de\/wp-json\/wp\/v2\/tags?post=32240"},{"taxonomy":"kategoria-bigling","embeddable":true,"href":"https:\/\/daphne.sk\/de\/wp-json\/wp\/v2\/kategoria-bigling?post=32240"}],"curies":[{"name":"wp","href":"https:\/\/api.w.org\/{rel}","templated":true}]}}