{"id":33774,"date":"2026-04-01T08:45:58","date_gmt":"2026-04-01T08:45:58","guid":{"rendered":"https:\/\/daphne.sk\/?p=33774"},"modified":"2026-04-02T06:35:37","modified_gmt":"2026-04-02T06:35:37","slug":"april-v-znameni-rozkvitnutej-prirody","status":"publish","type":"post","link":"https:\/\/daphne.sk\/de\/april-v-znameni-rozkvitnutej-prirody\/","title":{"rendered":"APR\u00cdL V ZNAMEN\u00cd ROZKVITNUTEJ PR\u00cdRODY"},"content":{"rendered":"<h2 data-start=\"374\" data-end=\"420\"><strong data-start=\"377\" data-end=\"420\">V\u00fdzva na apr\u00edl<\/strong><\/h2>\n<p data-start=\"79\" data-end=\"390\">Apr\u00edl prin\u00e1\u0161a obdobie, ke\u010f sa pr\u00edroda prep\u00e1ja v jedine\u010dnom jarnom rytme. Rozkvitnut\u00e9 l\u00faky, lesn\u00e9 okraje aj z\u00e1hrady l\u00e1kaj\u00fa prv\u00fdch ope\u013eova\u010dov, ktor\u00ed zohr\u00e1vaj\u00fa k\u013e\u00fa\u010dov\u00fa \u00falohu v kolobehu \u017eivota. Ka\u017ed\u00fd kvet sa st\u00e1va zdrojom potravy a z\u00e1rove\u0148 miestom stretnutia s hmyzom, ktor\u00fd zabezpe\u010duje jeho \u010fal\u0161ie rozmno\u017eovanie.<\/p>\n<p data-start=\"392\" data-end=\"699\" data-is-last-node=\"\" data-is-only-node=\"\">Pri pozorovan\u00ed pr\u00edrody si m\u00f4\u017eeme v\u0161imn\u00fa\u0165, ako s\u00fa rastliny a \u017eivo\u010d\u00edchy navz\u00e1jom prepojen\u00e9 \u2013 od nen\u00e1padn\u00fdch byl\u00edn a\u017e po usilovn\u00e9 \u010dmele \u010di drobn\u00fd hmyz. Sta\u010d\u00ed sa na chv\u00ed\u013eu zastavi\u0165 a sledova\u0165 tento tich\u00fd, no mimoriadne d\u00f4le\u017eit\u00fd proces, ktor\u00fd sa odohr\u00e1va v\u0161ade okolo n\u00e1s a tvor\u00ed z\u00e1klad zdravej a pestrej krajiny.<\/p>\n\n<h3 class=\"wp-block-heading\"><strong>Pozorovanie rastl\u00edn<\/strong><\/h3>\n<b><span data-contrast=\"auto\">\u00a0\u010co pr\u00e1ve kvitne?<\/span><\/b><span data-contrast=\"auto\">\u202f<\/span><span data-ccp-props=\"{}\">\u00a0<\/span>\n<p data-start=\"25\" data-end=\"391\">Apr\u00edlov\u00e9 dni prin\u00e1\u0161aj\u00fa \u010doraz pestrej\u0161iu paletu kvitn\u00facich rastl\u00edn, ktor\u00e9 zap\u013a\u0148aj\u00fa l\u00faky, okraje lesov aj mestsk\u00e9 priestory. Mnoh\u00e9 z nich l\u00e1kaj\u00fa svojimi farbami aj v\u00f4\u0148ou a st\u00e1vaj\u00fa sa d\u00f4le\u017eitou s\u00fa\u010das\u0165ou jarn\u00e9ho diania v pr\u00edrode. Pr\u00e1ve teraz je ide\u00e1lny \u010das v\u0161\u00edma\u0165 si detaily \u2013 drobn\u00e9 kvety pri chodn\u00edkoch, byliny na slne\u010dn\u00fdch svahoch \u010di rastliny ukryt\u00e9 v lesnom tieni.<\/p>\n<p data-start=\"393\" data-end=\"700\" data-is-last-node=\"\" data-is-only-node=\"\">Ak sa vyberiete do pr\u00edrody, sk\u00faste zachyti\u0165 rozkvitnut\u00e9 druhy vo svojom okol\u00ed a pode\u013ete sa o svoje pozorovania. Va\u0161e fotografie m\u00f4\u017eete prida\u0165 do koment\u00e1rov na na\u0161ich soci\u00e1lnych sie\u0165ach a z\u00e1rove\u0148 ich nahra\u0165 aj do aplik\u00e1cie iNaturalist, \u010d\u00edm prispejete k lep\u0161iemu poznaniu a mapovaniu slovenskej pr\u00edrody \ud83d\udcf8<\/p>\n\n<div class=\"wp-block-media-text is-stacked-on-mobile\">\n<div class=\"wp-block-media-text__content\">\n\n<strong>Hluchavka purpurov\u00e1 \/ <em>Lamium purpureum<\/em><\/strong>\n\nHluchavka purpurov\u00e1 je be\u017en\u00e1 rastlina, ktor\u00e1 rastie najm\u00e4 na p\u00f4dach s dostatkom \u017eiv\u00edn \u2013 od vlhk\u00fdch a\u017e po mierne presychaj\u00face. \u010casto ju n\u00e1jdeme na kompostoch, v z\u00e1hrad\u00e1ch, na poliach, ale aj na skl\u00e1dkach. Ob\u013eubuje kypr\u00fa p\u00f4du bohat\u00fa na dus\u00edk a humus. Jej kvety maj\u00fa naj\u010dastej\u0161ie ru\u017eovo-purpurov\u00fa farbu, len zriedkavo b\u00fdvaj\u00fa biele, a s\u00fa typick\u00e9 jemne chlpat\u00fdmi ty\u010dinkami s fialov\u00fdm n\u00e1dychom. M\u00e1 priazniv\u00e9 protiz\u00e1palov\u00e9 \u00fa\u010dinky a vyu\u017e\u00edva sa najm\u00e4 pri probl\u00e9moch s mo\u010dov\u00fdmi cestami a obli\u010dkami. \u010caj z kvetov p\u00f4sob\u00ed upokojuj\u00faco a odpor\u00fa\u010da sa pri nervozite, nepokoji \u010di probl\u00e9moch so sp\u00e1nkom.\n\n<\/div>\n<\/div>\n<!-- \/wp:post-content -->\n\n<!-- wp:spacer {\"height\":\"50px\"} \/-->\n\n<!-- wp:media-text {\"mediaId\":30427,\"mediaLink\":\"https:\/\/daphne.sk\/?attachment_id=30427\",\"mediaType\":\"image\"} -->\n<div class=\"wp-block-media-text is-stacked-on-mobile\">\n<figure class=\"wp-block-media-text__media\"><img decoding=\"async\" class=\"alignnone wp-image-33783 size-full\" src=\"https:\/\/daphne.sk\/wp-content\/uploads\/2026\/04\/Lamium-purpureum_pixabay_nennieinszweidrei-dark-bumblebee-7899316_1920.jpg\" alt=\"\" width=\"1920\" height=\"1280\" srcset=\"https:\/\/daphne.sk\/wp-content\/uploads\/2026\/04\/Lamium-purpureum_pixabay_nennieinszweidrei-dark-bumblebee-7899316_1920.jpg 1920w, https:\/\/daphne.sk\/wp-content\/uploads\/2026\/04\/Lamium-purpureum_pixabay_nennieinszweidrei-dark-bumblebee-7899316_1920-300x200.jpg 300w, https:\/\/daphne.sk\/wp-content\/uploads\/2026\/04\/Lamium-purpureum_pixabay_nennieinszweidrei-dark-bumblebee-7899316_1920-1024x683.jpg 1024w, https:\/\/daphne.sk\/wp-content\/uploads\/2026\/04\/Lamium-purpureum_pixabay_nennieinszweidrei-dark-bumblebee-7899316_1920-768x512.jpg 768w, https:\/\/daphne.sk\/wp-content\/uploads\/2026\/04\/Lamium-purpureum_pixabay_nennieinszweidrei-dark-bumblebee-7899316_1920-1536x1024.jpg 1536w\" sizes=\"(max-width: 1920px) 100vw, 1920px\" \/><\/figure>\n<p style=\"text-align: right;\">\ud83d\udcf8 Pixabay.com<\/p>\n\n<div class=\"wp-block-media-text__content\">\n\n<strong>Vstava\u010d vojensk\u00fd \/ <em>Orchis militaris<\/em><\/strong>\n\nVstava\u010d vojensk\u00fd rastie najm\u00e4 na tepl\u00fdch a slne\u010dn\u00fdch l\u00fakach ale aj na okrajoch lesov, na tr\u00e1vnat\u00fdch a krovinat\u00fdch such\u00fdch str\u00e1\u0148ach. Je to trv\u00e1ca, 20-50 cm vysok\u00e1 orchidea. Ru\u017eovo-fialov\u00e9 kvetenstvo je hust\u00e9 a valcovit\u00e9. Kvitne od apr\u00edla do j\u00fana. Je z\u00e1konom chr\u00e1nen\u00fd.\n\n<\/div>\n<\/div>\n<!-- \/wp:media-text -->\n\n<!-- wp:media-text {\"mediaId\":30428,\"mediaLink\":\"https:\/\/daphne.sk\/?attachment_id=30428\",\"mediaType\":\"image\"} -->\n<div class=\"wp-block-media-text is-stacked-on-mobile\">\n<figure class=\"wp-block-media-text__media\"><img decoding=\"async\" class=\"alignnone wp-image-33787 size-full\" src=\"https:\/\/daphne.sk\/wp-content\/uploads\/2026\/04\/Orchis-militari_pixabay_it_was_a_pleasure-orchid-7197356_1920.jpg\" alt=\"\" width=\"1920\" height=\"1280\" srcset=\"https:\/\/daphne.sk\/wp-content\/uploads\/2026\/04\/Orchis-militari_pixabay_it_was_a_pleasure-orchid-7197356_1920.jpg 1920w, https:\/\/daphne.sk\/wp-content\/uploads\/2026\/04\/Orchis-militari_pixabay_it_was_a_pleasure-orchid-7197356_1920-300x200.jpg 300w, https:\/\/daphne.sk\/wp-content\/uploads\/2026\/04\/Orchis-militari_pixabay_it_was_a_pleasure-orchid-7197356_1920-1024x683.jpg 1024w, https:\/\/daphne.sk\/wp-content\/uploads\/2026\/04\/Orchis-militari_pixabay_it_was_a_pleasure-orchid-7197356_1920-768x512.jpg 768w, https:\/\/daphne.sk\/wp-content\/uploads\/2026\/04\/Orchis-militari_pixabay_it_was_a_pleasure-orchid-7197356_1920-1536x1024.jpg 1536w\" sizes=\"(max-width: 1920px) 100vw, 1920px\" \/><\/figure>\n<p style=\"text-align: right;\">\ud83d\udcf8 Pixabay.com<\/p>\n\n<\/div>\n<div class=\"wp-block-media-text is-stacked-on-mobile\">\n<div class=\"wp-block-media-text__content\">\n\n<strong>Zubovn\u00edk \u0161upinat\u00fd \/ <em>Lathraea squamaria<\/em><\/strong>\n\nZubovn\u00edk rastie vo vlhk\u00fdch listnat\u00fdch alebo zmie\u0161an\u00fdch lesoch. Je to parazitick\u00e1 rastlina, ktor\u00e1 m\u00e1 ru\u017eov\u00e9 kvety a svetloru\u017eov\u00e9 listy. Po\u010das jarn\u00fdch mesiacov sa nad zemou objavuj\u00fa kr\u00e1tke kvetonosn\u00e9 v\u00fdhonky. Po zemou sa nach\u00e1dzaj\u00fa spodn\u00e9 \u010dasti rastliny, ktor\u00e9 parazituj\u00fa na kore\u0148och hlavne listnat\u00fdch stromov.\n\n<\/div>\n<\/div>\n<!-- \/wp:media-text -->\n\n<!-- wp:media-text {\"mediaId\":30428,\"mediaLink\":\"https:\/\/daphne.sk\/?attachment_id=30428\",\"mediaType\":\"image\"} -->\n<div class=\"wp-block-media-text is-stacked-on-mobile\">\n<figure class=\"wp-block-media-text__media\"><img decoding=\"async\" class=\"alignnone wp-image-33785 size-full\" src=\"https:\/\/daphne.sk\/wp-content\/uploads\/2026\/04\/Lathraea-squamaria_silvia-winklerova_IMG_4748.jpeg\" alt=\"\" width=\"1920\" height=\"1440\" srcset=\"https:\/\/daphne.sk\/wp-content\/uploads\/2026\/04\/Lathraea-squamaria_silvia-winklerova_IMG_4748.jpeg 1920w, https:\/\/daphne.sk\/wp-content\/uploads\/2026\/04\/Lathraea-squamaria_silvia-winklerova_IMG_4748-300x225.jpeg 300w, https:\/\/daphne.sk\/wp-content\/uploads\/2026\/04\/Lathraea-squamaria_silvia-winklerova_IMG_4748-1024x768.jpeg 1024w, https:\/\/daphne.sk\/wp-content\/uploads\/2026\/04\/Lathraea-squamaria_silvia-winklerova_IMG_4748-768x576.jpeg 768w, https:\/\/daphne.sk\/wp-content\/uploads\/2026\/04\/Lathraea-squamaria_silvia-winklerova_IMG_4748-1536x1152.jpeg 1536w\" sizes=\"(max-width: 1920px) 100vw, 1920px\" \/><\/figure>\n<p style=\"text-align: right;\">\ud83d\udcf8 Silvia Winklerov\u00e1<\/p>\n<a href=\"https:\/\/www.inaturalist.org\/taxa\/55766\"><strong>Mlie\u010dnik chvojkov\u00fd<\/strong><\/a><strong> \/\u00a0<\/strong><a href=\"https:\/\/www.inaturalist.org\/taxa\/55766\"><strong><em>Euphorbia cyparissias<\/em><\/strong><\/a>\n\nMlie\u010dnik je trv\u00e1ca bylina, ktor\u00e1 sa v\u00fdborne prisp\u00f4sobuje such\u00fdm a tepl\u00fdm podmienkam. Dorast\u00e1 pribli\u017ene do v\u00fd\u0161ky 15 a\u017e 30 cm, v\u00fdnimo\u010dne aj viac, a typick\u00e1 je pre\u0148 biela mlie\u010dna \u0161\u0165ava. \u010casto sa vyskytuje na slne\u010dn\u00fdch a such\u0161\u00edch miestach, napr\u00edklad popri cest\u00e1ch, na medziach, kamenist\u00fdch svahoch, hr\u00e1dzach \u010di okrajoch lesov. Pri poranen\u00ed rastlina vylu\u010duje hust\u00fa bielu \u0161\u0165avu, ktor\u00e1 obsahuje jedovat\u00e9 l\u00e1tky \u2013 m\u00f4\u017eu dr\u00e1\u017edi\u0165 poko\u017eku a po po\u017eit\u00ed sp\u00f4sobi\u0165 otravu, a to aj u hospod\u00e1rskych zvierat. Napriek tomu m\u00e1 mlie\u010dnik v\u00fdznam v pr\u00edrode \u2013 sl\u00fa\u017ei napr\u00edklad ako \u017eivn\u00e1 rastlina pre niektor\u00e9 druhy hmyzu, napr\u00edklad pre tes\u00e1rika <em>Oberea erythrocephala<\/em>.\n\n<!-- \/wp:media-text -->\n\n<!-- wp:media-text {\"mediaId\":30425,\"mediaLink\":\"https:\/\/daphne.sk\/?attachment_id=30425\",\"mediaType\":\"image\"} -->\n<div class=\"wp-block-media-text is-stacked-on-mobile\">\n<figure class=\"wp-block-media-text__media\"><img decoding=\"async\" class=\"alignnone wp-image-33781 size-full\" src=\"https:\/\/daphne.sk\/wp-content\/uploads\/2026\/04\/EUPHORBIA-CYP._PIXABAY_wikimediaimages-euphorbia-cyparissias-846508_1920.jpg\" alt=\"\" width=\"1920\" height=\"1440\" srcset=\"https:\/\/daphne.sk\/wp-content\/uploads\/2026\/04\/EUPHORBIA-CYP._PIXABAY_wikimediaimages-euphorbia-cyparissias-846508_1920.jpg 1920w, https:\/\/daphne.sk\/wp-content\/uploads\/2026\/04\/EUPHORBIA-CYP._PIXABAY_wikimediaimages-euphorbia-cyparissias-846508_1920-300x225.jpg 300w, https:\/\/daphne.sk\/wp-content\/uploads\/2026\/04\/EUPHORBIA-CYP._PIXABAY_wikimediaimages-euphorbia-cyparissias-846508_1920-1024x768.jpg 1024w, https:\/\/daphne.sk\/wp-content\/uploads\/2026\/04\/EUPHORBIA-CYP._PIXABAY_wikimediaimages-euphorbia-cyparissias-846508_1920-768x576.jpg 768w, https:\/\/daphne.sk\/wp-content\/uploads\/2026\/04\/EUPHORBIA-CYP._PIXABAY_wikimediaimages-euphorbia-cyparissias-846508_1920-1536x1152.jpg 1536w\" sizes=\"(max-width: 1920px) 100vw, 1920px\" \/><\/figure>\n<p style=\"text-align: right;\">\ud83d\udcf8 Pixabay.com<\/p>\n\n<div class=\"wp-block-media-text__content\">\n\n<strong>Cesna\u010dka lek\u00e1rska \/ <em>Alliaria petiolata<\/em><\/strong>\n\nJe jednoro\u010dn\u00e1 rastlina rast\u00faca v lesoch alebo v presvetlen\u00fdch okrajoch lesov. M\u00e1 ostr\u00fa cesnakov\u00fa pr\u00edchu\u0165, preto\u017ee obsahuje hor\u010dicov\u00e9 silice. Je zn\u00e1ma z \u013eudov\u00e9ho lie\u010dite\u013estva \u2013 v\u0148a\u0165 a listy sa d\u00e1vaj\u00fa do \u0161al\u00e1tov a jedla, m\u00f4\u017eu nahr\u00e1dza\u0165 cesnak. Obsahuje ve\u013ea vitam\u00ednu C a m\u00e1 dobr\u00fd vplyv na metabolizmus.\n\n<\/div>\n<\/div>\n<!-- \/wp:media-text -->\n\n<!-- wp:spacer {\"height\":\"50px\"} \/-->\n\n<!-- wp:media-text {\"mediaId\":30426,\"mediaLink\":\"https:\/\/daphne.sk\/?attachment_id=30426\",\"mediaType\":\"image\"} -->\n<div class=\"wp-block-media-text is-stacked-on-mobile\">\n<figure class=\"wp-block-media-text__media\"><img decoding=\"async\" class=\"alignnone wp-image-33775 size-full\" src=\"https:\/\/daphne.sk\/wp-content\/uploads\/2026\/04\/Alliaria-petiolata-_PIXABAY_maky_orel-cesnacek-medical-5230443_1920.jpg\" alt=\"\" width=\"1920\" height=\"1080\" srcset=\"https:\/\/daphne.sk\/wp-content\/uploads\/2026\/04\/Alliaria-petiolata-_PIXABAY_maky_orel-cesnacek-medical-5230443_1920.jpg 1920w, https:\/\/daphne.sk\/wp-content\/uploads\/2026\/04\/Alliaria-petiolata-_PIXABAY_maky_orel-cesnacek-medical-5230443_1920-300x169.jpg 300w, https:\/\/daphne.sk\/wp-content\/uploads\/2026\/04\/Alliaria-petiolata-_PIXABAY_maky_orel-cesnacek-medical-5230443_1920-1024x576.jpg 1024w, https:\/\/daphne.sk\/wp-content\/uploads\/2026\/04\/Alliaria-petiolata-_PIXABAY_maky_orel-cesnacek-medical-5230443_1920-768x432.jpg 768w, https:\/\/daphne.sk\/wp-content\/uploads\/2026\/04\/Alliaria-petiolata-_PIXABAY_maky_orel-cesnacek-medical-5230443_1920-1536x864.jpg 1536w\" sizes=\"(max-width: 1920px) 100vw, 1920px\" \/><\/figure>\n<p style=\"text-align: right;\">\ud83d\udcf8 Pixabay.com<\/p>\n\n\n<\/div>\n<\/div>\n<div class=\"wp-block-media-text is-stacked-on-mobile\">\n<div class=\"wp-block-media-text is-stacked-on-mobile\">\n<h3 class=\"wp-block-heading\"><strong>Pozorovanie \u017eivo\u010d\u00edchov<\/strong><\/h3>\n<\/div>\n<\/div>\n<!-- \/wp:media-text -->\n\n<!-- wp:media-text {\"mediaId\":30424,\"mediaLink\":\"https:\/\/daphne.sk\/?attachment_id=30424\",\"mediaType\":\"image\"} -->\n\n<!-- \/wp:media-text -->\n\n<!-- wp:paragraph -->\n\n<!-- \/wp:paragraph -->\n\n<!-- wp:heading {\"level\":3} -->\n<div class=\"wp-block-media-text is-stacked-on-mobile\">\n\n<!-- \/wp:heading -->\n\n<!-- wp:spacer {\"height\":\"50px\"} \/-->\n\n<!-- wp:media-text {\"mediaId\":30427,\"mediaLink\":\"https:\/\/daphne.sk\/?attachment_id=30427\",\"mediaType\":\"image\"} -->\n\n<\/div>\nApr\u00edl prin\u00e1\u0161a \u010doraz teplej\u0161ie dni a dlh\u0161ie svetlo, \u010do mnoh\u00fdm \u017eivo\u010d\u00edchom signalizuje, \u017ee jar je tu. Zvierat\u00e1 s\u00fa \u010doraz akt\u00edvnej\u0161ie \u2013 h\u013eadaj\u00fa potravu, partnerov a za\u010d\u00ednaj\u00fa svoje jarn\u00e9 aktivity. V\u010faka n\u00edzkej a rozkvitnutej veget\u00e1cii ich m\u00f4\u017eeme \u013eah\u0161ie sledova\u0165 a spozorova\u0165 aj drobn\u00e9 hmyzie druhy, \u010dmele \u010di lienky, ktor\u00e9 sa vracaj\u00fa do pr\u00edrody po zime. Tento \u010das je ide\u00e1lny na pozorovanie a spozn\u00e1vanie prepojen\u00ed medzi rastlinami a \u017eivo\u010d\u00edchmi v ich prirodzenom prostred\u00ed.\n<div class=\"wp-block-media-text is-stacked-on-mobile\">\n<div class=\"wp-block-media-text__content\">\n\n<strong>Lienka sedembodkov\u00e1 \/ <em>Coccinella septempunctata<\/em><\/strong>\n\nLienka sedembodkov\u00e1 je jedna z najob\u013e\u00fabenej\u0161\u00edch a najzn\u00e1mej\u0161\u00edch z\u00e1stupcov hmyzu. Vyskytuje v z\u00e1hrad\u00e1ch, na l\u00fakach a kr\u00edkoch. Dospel\u00e1 lienka m\u00e1 \u010derven\u00e9 gu\u013eat\u00e9 krovky, na ktor\u00fdch m\u00e1 7 \u010diernych bodiek \u2013 tri na ka\u017edej strane a jednu v strede. Lienka a jej larvy s\u00fa najv\u00e4\u010d\u0161\u00edm pred\u00e1torom vo\u0161iek. \u017div\u00ed sa vo\u0161kami, jedna larva dok\u00e1\u017ee skonzumova\u0165 a\u017e 800 vo\u0161iek po\u010das svojho v\u00fdvoja, dospel\u00e1 lienka a\u017e 5000 vo\u0161iek za rok. Prezimuje ako dospel\u00fd jedinec v hromad\u00e1ch l\u00edstia, v \u0161trbin\u00e1ch domov alebo v k\u00f4re stromov.\n\n<\/div>\n<\/div>\n<!-- \/wp:media-text -->\n\n<!-- wp:media-text {\"mediaId\":30428,\"mediaLink\":\"https:\/\/daphne.sk\/?attachment_id=30428\",\"mediaType\":\"image\"} -->\n\n<!-- \/wp:media-text -->\n\n<!-- wp:media-text {\"mediaId\":30425,\"mediaLink\":\"https:\/\/daphne.sk\/?attachment_id=30425\",\"mediaType\":\"image\"} -->\n<div class=\"wp-block-media-text is-stacked-on-mobile\">\n<figure class=\"wp-block-media-text__media\"><img decoding=\"async\" class=\"alignnone wp-image-33779 size-full\" src=\"https:\/\/daphne.sk\/wp-content\/uploads\/2026\/04\/Coccinella-septempunctata-_pixabay_erik_karits-ladybug-6969058_1920.jpg\" alt=\"\" width=\"1920\" height=\"1280\" srcset=\"https:\/\/daphne.sk\/wp-content\/uploads\/2026\/04\/Coccinella-septempunctata-_pixabay_erik_karits-ladybug-6969058_1920.jpg 1920w, https:\/\/daphne.sk\/wp-content\/uploads\/2026\/04\/Coccinella-septempunctata-_pixabay_erik_karits-ladybug-6969058_1920-300x200.jpg 300w, https:\/\/daphne.sk\/wp-content\/uploads\/2026\/04\/Coccinella-septempunctata-_pixabay_erik_karits-ladybug-6969058_1920-1024x683.jpg 1024w, https:\/\/daphne.sk\/wp-content\/uploads\/2026\/04\/Coccinella-septempunctata-_pixabay_erik_karits-ladybug-6969058_1920-768x512.jpg 768w, https:\/\/daphne.sk\/wp-content\/uploads\/2026\/04\/Coccinella-septempunctata-_pixabay_erik_karits-ladybug-6969058_1920-1536x1024.jpg 1536w\" sizes=\"(max-width: 1920px) 100vw, 1920px\" \/><\/figure>\n<p style=\"text-align: right;\"><span id=\"span-33-19820\" class=\"ct-span oxy-stock-content-styles\">\ud83d\udcf8 Pixabay.com<\/span><\/p>\n\n<\/div>\n<div class=\"wp-block-media-text is-stacked-on-mobile\">\n<div class=\"wp-block-media-text__content\">\n\n<strong>Cifru\u0161a bezkr\u00eddla \/ <em>Pyrrhocoris apterus<\/em><\/strong>\n\nM\u00e1 r\u00f4zne \u013eudov\u00e9 pomenovania: elektri\u010dka, hrob\u00e1rik, sanitka, muzikant. Dva \u010dierne f\u013eaky uprostred pripom\u00ednaj\u00face o\u010di a \u010derveno-\u010dierne sfarbenie sl\u00fa\u017eia na odstra\u0161enie pred\u00e1torov. Cifru\u0161a tak vyvol\u00e1va dojem, \u017ee nie je jedl\u00e1. U\u017e skoro na jar sa objav\u00ed na kme\u0148och stromov, bet\u00f3ne \u010di tr\u00e1ve.\n\n<\/div>\n<\/div>\n<!-- \/wp:media-text -->\n\n<!-- wp:media-text {\"mediaId\":30428,\"mediaLink\":\"https:\/\/daphne.sk\/?attachment_id=30428\",\"mediaType\":\"image\"} -->\n\n<!-- \/wp:media-text -->\n\n<!-- wp:media-text {\"mediaId\":30425,\"mediaLink\":\"https:\/\/daphne.sk\/?attachment_id=30425\",\"mediaType\":\"image\"} -->\n<div class=\"wp-block-media-text is-stacked-on-mobile\">\n\n<!-- \/wp:media-text -->\n\n<!-- wp:media-text {\"mediaId\":30428,\"mediaLink\":\"https:\/\/daphne.sk\/?attachment_id=30428\",\"mediaType\":\"image\"} -->\n\n<!-- \/wp:media-text -->\n\n<!-- wp:media-text {\"mediaId\":30425,\"mediaLink\":\"https:\/\/daphne.sk\/?attachment_id=30425\",\"mediaType\":\"image\"} -->\n<div class=\"wp-block-media-text is-stacked-on-mobile\">\n<figure class=\"wp-block-media-text__media\"><img decoding=\"async\" class=\"alignnone wp-image-33791 size-full\" src=\"https:\/\/daphne.sk\/wp-content\/uploads\/2026\/04\/Pyrrhocoris-apterus-_pixabay_ulleo-fire-bug-2163244_1920.jpg\" alt=\"\" width=\"1920\" height=\"1280\" srcset=\"https:\/\/daphne.sk\/wp-content\/uploads\/2026\/04\/Pyrrhocoris-apterus-_pixabay_ulleo-fire-bug-2163244_1920.jpg 1920w, https:\/\/daphne.sk\/wp-content\/uploads\/2026\/04\/Pyrrhocoris-apterus-_pixabay_ulleo-fire-bug-2163244_1920-300x200.jpg 300w, https:\/\/daphne.sk\/wp-content\/uploads\/2026\/04\/Pyrrhocoris-apterus-_pixabay_ulleo-fire-bug-2163244_1920-1024x683.jpg 1024w, https:\/\/daphne.sk\/wp-content\/uploads\/2026\/04\/Pyrrhocoris-apterus-_pixabay_ulleo-fire-bug-2163244_1920-768x512.jpg 768w, https:\/\/daphne.sk\/wp-content\/uploads\/2026\/04\/Pyrrhocoris-apterus-_pixabay_ulleo-fire-bug-2163244_1920-1536x1024.jpg 1536w\" sizes=\"(max-width: 1920px) 100vw, 1920px\" \/><\/figure>\n<p style=\"text-align: right;\">\ud83d\udcf8 Pixabay.com<\/p>\n\n<\/div>\n<\/div>\n<div class=\"wp-block-media-text is-stacked-on-mobile\">\n<div class=\"wp-block-media-text__content\">\n\n<strong>\u010cme\u013e zemn\u00fd \/ <em>Bombus terrestris<\/em><\/strong>\n\n\u010cme\u013e zemn\u00fd je jeden z najpo\u010detnej\u0161\u00edch druhov \u010dme\u013eov v Eur\u00f3pe a patr\u00ed medzi d\u00f4le\u017eit\u00e9 ope\u013eova\u010de. \u017dije na na l\u00fakach, okrajoch lesa, v okol\u00ed ciest, v z\u00e1hrad\u00e1ch a v parkoch. Telo m\u00e1 \u010diernej farby so s\u00fdto\u017elt\u00fdm pr\u00fa\u017ekom na prednom okraji hrude. Samce a sami\u010dky maj\u00fa rovnak\u00e9 sfarbenie. Prezimuj\u00fa len sami\u010dky \u2013 kr\u00e1\u013eovn\u00e9, ktor\u00e9 s\u00fa zahraban\u00e9 v zemi. Skoro na jar vylietaj\u00fa sami\u010dky z \u00fakrytov a zakladaj\u00fa hniezda, ktor\u00e9 s\u00fa v nor\u00e1ch hlodavcov alebo v in\u00fdch \u00fakrytoch v zemi.\n\n<\/div>\n<\/div>\n<!-- \/wp:media-text -->\n\n<!-- wp:media-text {\"mediaId\":30428,\"mediaLink\":\"https:\/\/daphne.sk\/?attachment_id=30428\",\"mediaType\":\"image\"} -->\n\n<!-- \/wp:media-text -->\n\n<!-- wp:media-text {\"mediaId\":30425,\"mediaLink\":\"https:\/\/daphne.sk\/?attachment_id=30425\",\"mediaType\":\"image\"} -->\n<div class=\"wp-block-media-text is-stacked-on-mobile\">\n\n<!-- \/wp:media-text -->\n\n<!-- wp:media-text {\"mediaId\":30428,\"mediaLink\":\"https:\/\/daphne.sk\/?attachment_id=30428\",\"mediaType\":\"image\"} -->\n\n<!-- \/wp:media-text -->\n\n<!-- wp:media-text {\"mediaId\":30425,\"mediaLink\":\"https:\/\/daphne.sk\/?attachment_id=30425\",\"mediaType\":\"image\"} -->\n<div class=\"wp-block-media-text is-stacked-on-mobile\">\n<figure class=\"wp-block-media-text__media\"><img decoding=\"async\" class=\"alignnone wp-image-33777 size-full\" src=\"https:\/\/daphne.sk\/wp-content\/uploads\/2026\/04\/Bombus-terrestris-_pixabay_nennieinszweidrei-dark-earth-bumblebees-8878494_1920.jpg\" alt=\"\" width=\"1920\" height=\"1280\" srcset=\"https:\/\/daphne.sk\/wp-content\/uploads\/2026\/04\/Bombus-terrestris-_pixabay_nennieinszweidrei-dark-earth-bumblebees-8878494_1920.jpg 1920w, https:\/\/daphne.sk\/wp-content\/uploads\/2026\/04\/Bombus-terrestris-_pixabay_nennieinszweidrei-dark-earth-bumblebees-8878494_1920-300x200.jpg 300w, https:\/\/daphne.sk\/wp-content\/uploads\/2026\/04\/Bombus-terrestris-_pixabay_nennieinszweidrei-dark-earth-bumblebees-8878494_1920-1024x683.jpg 1024w, https:\/\/daphne.sk\/wp-content\/uploads\/2026\/04\/Bombus-terrestris-_pixabay_nennieinszweidrei-dark-earth-bumblebees-8878494_1920-768x512.jpg 768w, https:\/\/daphne.sk\/wp-content\/uploads\/2026\/04\/Bombus-terrestris-_pixabay_nennieinszweidrei-dark-earth-bumblebees-8878494_1920-1536x1024.jpg 1536w\" sizes=\"(max-width: 1920px) 100vw, 1920px\" \/><\/figure>\n<p style=\"text-align: right;\"><span id=\"span-33-19820\" class=\"ct-span oxy-stock-content-styles\">\ud83d\udcf8 Pixabay.com<\/span><\/p>\n\n<\/div>\n<\/div>\n<div class=\"wp-block-media-text is-stacked-on-mobile\">\n<div class=\"wp-block-media-text is-stacked-on-mobile\">\n<div class=\"wp-block-media-text is-stacked-on-mobile\">\n<div class=\"wp-block-media-text__content\">\n\n<strong>\u010cerven\u00e1\u010dik ohniv\u00fd \/ <em>Pyrochroa coccinea<\/em><\/strong>\n\n\u010cerven\u00e1\u010dik \u017eije najm\u00e4 v listnat\u00fdch lesoch a na ich okrajoch, kde sa ukr\u00fdva pod k\u00f4rou stromov. Dospel\u00e9 jedince dorastaj\u00fa pribli\u017ene do 18 milimetrov. \u017divia sa rastlinn\u00fdmi \u0161\u0165avami. Larvy s\u00fa drav\u00e9 \u2013 vyh\u013ead\u00e1vaj\u00fa a po\u017eieraj\u00fa larvy in\u00e9ho hmyzu. \u010casto lovia napr\u00edklad larvy tes\u00e1rikov, ale nepohrdn\u00fa ani podk\u00f4rnym hmyzom. Larvy \u010derven\u00e1\u010dika ohniv\u00e9ho \u017eij\u00fa pod k\u00f4rou p\u0148ov a spadnut\u00fdch kme\u0148ov, naj\u010dastej\u0161ie buka, duba alebo brezy. Ke\u010f dorast\u00fa, na jar si v dreve vytvoria ak\u00fasi kol\u00edsku, v ktorej sa zakuklia a nesk\u00f4r sa z nich liahne dospel\u00fd chrob\u00e1k.\n\n<\/div>\n<\/div>\n<!-- \/wp:media-text -->\n\n<!-- wp:media-text {\"mediaId\":30428,\"mediaLink\":\"https:\/\/daphne.sk\/?attachment_id=30428\",\"mediaType\":\"image\"} -->\n\n<!-- \/wp:media-text -->\n\n<!-- wp:media-text {\"mediaId\":30425,\"mediaLink\":\"https:\/\/daphne.sk\/?attachment_id=30425\",\"mediaType\":\"image\"} -->\n<div class=\"wp-block-media-text is-stacked-on-mobile\">\n\n<!-- \/wp:media-text -->\n\n<!-- wp:media-text {\"mediaId\":30428,\"mediaLink\":\"https:\/\/daphne.sk\/?attachment_id=30428\",\"mediaType\":\"image\"} -->\n\n<!-- \/wp:media-text -->\n\n<!-- wp:media-text {\"mediaId\":30425,\"mediaLink\":\"https:\/\/daphne.sk\/?attachment_id=30425\",\"mediaType\":\"image\"} -->\n<div class=\"wp-block-media-text is-stacked-on-mobile\">\n<figure class=\"wp-block-media-text__media\"><img decoding=\"async\" class=\"alignnone wp-image-33789 size-full\" src=\"https:\/\/daphne.sk\/wp-content\/uploads\/2026\/04\/Pyrochroa-coccinea-_pixabay_dendoktoor-cardinal-beetle-8104015_1920.jpg\" alt=\"\" width=\"1920\" height=\"1280\" srcset=\"https:\/\/daphne.sk\/wp-content\/uploads\/2026\/04\/Pyrochroa-coccinea-_pixabay_dendoktoor-cardinal-beetle-8104015_1920.jpg 1920w, https:\/\/daphne.sk\/wp-content\/uploads\/2026\/04\/Pyrochroa-coccinea-_pixabay_dendoktoor-cardinal-beetle-8104015_1920-300x200.jpg 300w, https:\/\/daphne.sk\/wp-content\/uploads\/2026\/04\/Pyrochroa-coccinea-_pixabay_dendoktoor-cardinal-beetle-8104015_1920-1024x683.jpg 1024w, https:\/\/daphne.sk\/wp-content\/uploads\/2026\/04\/Pyrochroa-coccinea-_pixabay_dendoktoor-cardinal-beetle-8104015_1920-768x512.jpg 768w, https:\/\/daphne.sk\/wp-content\/uploads\/2026\/04\/Pyrochroa-coccinea-_pixabay_dendoktoor-cardinal-beetle-8104015_1920-1536x1024.jpg 1536w\" sizes=\"(max-width: 1920px) 100vw, 1920px\" \/><\/figure>\n<p style=\"text-align: right;\">\ud83d\udcf8 Pixabay.com<\/p>\n\n<\/div>\n<\/div>\n<\/div>\n<\/div>\n<p data-start=\"1079\" data-end=\"1127\"><strong data-start=\"1083\" data-end=\"1127\">Odpor\u00fa\u010dame tieto aktivity pre verejnos\u0165, u\u010dite\u013eov a \u0161koly:<\/strong><\/p>\n\n<ul data-start=\"1129\" data-end=\"1493\">\n \t<li data-start=\"1129\" data-end=\"1220\"><span class=\"TextRun SCXW14215491 BCX2\" lang=\"SK-SK\" xml:lang=\"SK-SK\" data-contrast=\"auto\"><span class=\"NormalTextRun CommentStart CommentHighlightPipeHovered CommentHighlightHovered SCXW14215491 BCX2\">Pracovn\u00fd lis <\/span><\/span><span class=\"TextRun SCXW14215491 BCX2\" lang=\"SK-SK\" xml:lang=\"SK-SK\" data-contrast=\"auto\"><span class=\"NormalTextRun CommentStart CommentHighlightPipeHovered CommentHighlightHovered SCXW14215491 BCX2\"><strong>B\u00e1dame na l\u00fake \u2013 usilovn\u00e9 ope\u013eova\u010de<\/strong> n\u00e1jdete <a href=\"https:\/\/daphne.sk\/wp-content\/uploads\/2026\/04\/CINA_PL_Hmyz_komplet_TLAC-3-4.pdf\"><strong>tu<\/strong><\/a>.<\/span><\/span><\/li>\n \t<li data-start=\"1129\" data-end=\"1220\">Pracovn\u00fd list <strong>Spolupr\u00e1ca orchide\u00ed a h\u00fab <\/strong>si stiahnete <a href=\"https:\/\/daphne.sk\/wp-content\/uploads\/2026\/04\/PRACOVNE-LISTY_VSETKY_BIG_LING_Pracovne-listy-SK_komplet_web-images-41.jpg\"><strong>tu<\/strong><\/a>.<\/li>\n<\/ul>\n<!-- \/wp:media-text -->\n\n<!-- wp:media-text {\"mediaId\":30483,\"mediaLink\":\"https:\/\/daphne.sk\/?attachment_id=30483\",\"mediaType\":\"image\"} -->\n<div class=\"wp-block-media-text is-stacked-on-mobile\">\n<figure class=\"wp-block-media-text__media\"><img decoding=\"async\" width=\"1024\" height=\"683\" class=\"wp-image-30483 size-full\" src=\"https:\/\/daphne.sk\/wp-content\/uploads\/2025\/03\/hands-2847508_1920-1-1024x683.jpg\" alt=\"\" srcset=\"https:\/\/daphne.sk\/wp-content\/uploads\/2025\/03\/hands-2847508_1920-1-1024x683.jpg 1024w, https:\/\/daphne.sk\/wp-content\/uploads\/2025\/03\/hands-2847508_1920-1-300x200.jpg 300w, https:\/\/daphne.sk\/wp-content\/uploads\/2025\/03\/hands-2847508_1920-1-768x512.jpg 768w, https:\/\/daphne.sk\/wp-content\/uploads\/2025\/03\/hands-2847508_1920-1-1536x1024.jpg 1536w, https:\/\/daphne.sk\/wp-content\/uploads\/2025\/03\/hands-2847508_1920-1.jpg 1920w\" sizes=\"(max-width: 1024px) 100vw, 1024px\" \/><\/figure>\n<\/div>\n<!-- \/wp:media-text -->\n\n<!-- wp:paragraph -->\n\n<!-- \/wp:paragraph -->\n\n<!-- wp:heading {\"level\":3} -->\n\n<!-- \/wp:heading -->\n\n<!-- wp:meta-box\/vyberove-clanky {\"id\":\"mb-block-818c0db0-7cba-4300-b67d-8404a8764377\",\"data\":{\"rwmb_cleanup\":[\"[]\"],\"name\":\"vyberove-clanky\",\"canky\":[30433,30540]}} \/-->\n\n<!-- wp:paragraph -->\n\nIniciat\u00edva \u017div\u00e1 Bratislava, exkurzie pre verejnos\u0165 a pre \u0161koly sa konaj\u00fa bezplatne v\u00a0r\u00e1mci cezhrani\u010dn\u00e9ho, rak\u00fasko-slovensk\u00e9ho projektu <a href=\"https:\/\/daphne.sk\/projekt\/zapojenie-navstevnikov-do-ochrany-biodiverzity-v-cezhranicnom-regione-slovenska-a-rakuska\/\">Ecovisit SKAT \u2013 Zapojenie n\u00e1v\u0161tevn\u00edkov do ochrany biodiverzity v cezhrani\u010dnom regi\u00f3ne Slovenska a Rak\u00faska<\/a> v r\u00e1mci Programu spolupr\u00e1ce INTERREG VI-A SK-AT, spolufinancovan\u00e9ho z Eur\u00f3pskeho fondu region\u00e1lneho rozvoja.\n\n<!-- \/wp:paragraph -->\n\n<!-- wp:image {\"id\":30552,\"sizeSlug\":\"medium\",\"linkDestination\":\"none\"} -->\n<figure class=\"wp-block-image size-medium\"><img decoding=\"async\" width=\"300\" height=\"90\" class=\"wp-image-30552\" src=\"https:\/\/daphne.sk\/wp-content\/uploads\/2025\/03\/Interreg-Logo-Slovakia-Austria-CMYK-Color-02-300x90.png\" alt=\"\" srcset=\"https:\/\/daphne.sk\/wp-content\/uploads\/2025\/03\/Interreg-Logo-Slovakia-Austria-CMYK-Color-02-300x90.png 300w, https:\/\/daphne.sk\/wp-content\/uploads\/2025\/03\/Interreg-Logo-Slovakia-Austria-CMYK-Color-02-1024x308.png 1024w, https:\/\/daphne.sk\/wp-content\/uploads\/2025\/03\/Interreg-Logo-Slovakia-Austria-CMYK-Color-02-768x231.png 768w, https:\/\/daphne.sk\/wp-content\/uploads\/2025\/03\/Interreg-Logo-Slovakia-Austria-CMYK-Color-02-1536x462.png 1536w, https:\/\/daphne.sk\/wp-content\/uploads\/2025\/03\/Interreg-Logo-Slovakia-Austria-CMYK-Color-02.png 1903w\" sizes=\"(max-width: 300px) 100vw, 300px\" \/><\/figure>\n<!-- \/wp:image -->\n\n<!-- wp:image {\"id\":30597,\"sizeSlug\":\"large\",\"linkDestination\":\"none\"} -->\n<figure class=\"wp-block-image size-large\"><img decoding=\"async\" width=\"1024\" height=\"122\" class=\"wp-image-30597\" src=\"https:\/\/daphne.sk\/wp-content\/uploads\/2025\/03\/LISTA-ECOVISIT_02-3-1-1024x122.jpg\" alt=\"\" srcset=\"https:\/\/daphne.sk\/wp-content\/uploads\/2025\/03\/LISTA-ECOVISIT_02-3-1-1024x122.jpg 1024w, https:\/\/daphne.sk\/wp-content\/uploads\/2025\/03\/LISTA-ECOVISIT_02-3-1-300x36.jpg 300w, https:\/\/daphne.sk\/wp-content\/uploads\/2025\/03\/LISTA-ECOVISIT_02-3-1-768x91.jpg 768w, https:\/\/daphne.sk\/wp-content\/uploads\/2025\/03\/LISTA-ECOVISIT_02-3-1-1536x182.jpg 1536w, https:\/\/daphne.sk\/wp-content\/uploads\/2025\/03\/LISTA-ECOVISIT_02-3-1.jpg 1920w\" sizes=\"(max-width: 1024px) 100vw, 1024px\" \/><\/figure>\n<!-- \/wp:image -->\n\n<!-- wp:paragraph -->\n\n<!-- \/wp:paragraph -->","protected":false},"excerpt":{"rendered":"<p>V\u00fdzva na apr\u00edl Apr\u00edl prin\u00e1\u0161a obdobie, ke\u010f sa pr\u00edroda prep\u00e1ja v jedine\u010dnom jarnom rytme. Rozkvitnut\u00e9 l\u00faky, lesn\u00e9 okraje aj z\u00e1hrady l\u00e1kaj\u00fa prv\u00fdch ope\u013eova\u010dov, ktor\u00ed zohr\u00e1vaj\u00fa k\u013e\u00fa\u010dov\u00fa \u00falohu v kolobehu \u017eivota. Ka\u017ed\u00fd kvet sa st\u00e1va zdrojom potravy a z\u00e1rove\u0148 miestom stretnutia s hmyzom, ktor\u00fd zabezpe\u010duje jeho \u010fal\u0161ie rozmno\u017eovanie. Pri pozorovan\u00ed pr\u00edrody si m\u00f4\u017eeme v\u0161imn\u00fa\u0165, ako s\u00fa<\/p>\n","protected":false},"author":16,"featured_media":33777,"comment_status":"closed","ping_status":"open","sticky":false,"template":"","format":"standard","meta":{"_uag_custom_page_level_css":"","_jetpack_memberships_contains_paid_content":false,"footnotes":""},"categories":[3,79,159],"tags":[],"kategoria-bigling":[],"class_list":["post-33774","post","type-post","status-publish","format-standard","has-post-thumbnail","hentry","category-aktuality","category-sk-clanky","category-kategoria-ziva-bratislava"],"jetpack_featured_media_url":"https:\/\/daphne.sk\/wp-content\/uploads\/2026\/04\/Bombus-terrestris-_pixabay_nennieinszweidrei-dark-earth-bumblebees-8878494_1920.jpg","uagb_featured_image_src":{"full":["https:\/\/daphne.sk\/wp-content\/uploads\/2026\/04\/Bombus-terrestris-_pixabay_nennieinszweidrei-dark-earth-bumblebees-8878494_1920.jpg",1920,1280,false],"thumbnail":["https:\/\/daphne.sk\/wp-content\/uploads\/2026\/04\/Bombus-terrestris-_pixabay_nennieinszweidrei-dark-earth-bumblebees-8878494_1920-150x150.jpg",150,150,true],"medium":["https:\/\/daphne.sk\/wp-content\/uploads\/2026\/04\/Bombus-terrestris-_pixabay_nennieinszweidrei-dark-earth-bumblebees-8878494_1920-300x200.jpg",300,200,true],"medium_large":["https:\/\/daphne.sk\/wp-content\/uploads\/2026\/04\/Bombus-terrestris-_pixabay_nennieinszweidrei-dark-earth-bumblebees-8878494_1920-768x512.jpg",768,512,true],"large":["https:\/\/daphne.sk\/wp-content\/uploads\/2026\/04\/Bombus-terrestris-_pixabay_nennieinszweidrei-dark-earth-bumblebees-8878494_1920-1024x683.jpg",1024,683,true],"1536x1536":["https:\/\/daphne.sk\/wp-content\/uploads\/2026\/04\/Bombus-terrestris-_pixabay_nennieinszweidrei-dark-earth-bumblebees-8878494_1920-1536x1024.jpg",1536,1024,true],"2048x2048":["https:\/\/daphne.sk\/wp-content\/uploads\/2026\/04\/Bombus-terrestris-_pixabay_nennieinszweidrei-dark-earth-bumblebees-8878494_1920.jpg",1920,1280,false],"woocommerce_thumbnail":["https:\/\/daphne.sk\/wp-content\/uploads\/2026\/04\/Bombus-terrestris-_pixabay_nennieinszweidrei-dark-earth-bumblebees-8878494_1920-450x450.jpg",450,450,true]},"uagb_author_info":{"display_name":"Daphne","author_link":"https:\/\/daphne.sk\/de\/author\/daphne\/"},"uagb_comment_info":0,"uagb_excerpt":"V\u00fdzva na apr\u00edl Apr\u00edl prin\u00e1\u0161a obdobie, ke\u010f sa pr\u00edroda prep\u00e1ja v jedine\u010dnom jarnom rytme. Rozkvitnut\u00e9 l\u00faky, lesn\u00e9 okraje aj z\u00e1hrady l\u00e1kaj\u00fa prv\u00fdch ope\u013eova\u010dov, ktor\u00ed zohr\u00e1vaj\u00fa k\u013e\u00fa\u010dov\u00fa \u00falohu v kolobehu \u017eivota. Ka\u017ed\u00fd kvet sa st\u00e1va zdrojom potravy a z\u00e1rove\u0148 miestom stretnutia s hmyzom, ktor\u00fd zabezpe\u010duje jeho \u010fal\u0161ie rozmno\u017eovanie. Pri pozorovan\u00ed pr\u00edrody si m\u00f4\u017eeme v\u0161imn\u00fa\u0165, ako s\u00fa","jetpack_sharing_enabled":true,"meta_box":{"canky":false,"feature_image_off":"0"},"_links":{"self":[{"href":"https:\/\/daphne.sk\/de\/wp-json\/wp\/v2\/posts\/33774","targetHints":{"allow":["GET"]}}],"collection":[{"href":"https:\/\/daphne.sk\/de\/wp-json\/wp\/v2\/posts"}],"about":[{"href":"https:\/\/daphne.sk\/de\/wp-json\/wp\/v2\/types\/post"}],"author":[{"embeddable":true,"href":"https:\/\/daphne.sk\/de\/wp-json\/wp\/v2\/users\/16"}],"replies":[{"embeddable":true,"href":"https:\/\/daphne.sk\/de\/wp-json\/wp\/v2\/comments?post=33774"}],"version-history":[{"count":3,"href":"https:\/\/daphne.sk\/de\/wp-json\/wp\/v2\/posts\/33774\/revisions"}],"predecessor-version":[{"id":33817,"href":"https:\/\/daphne.sk\/de\/wp-json\/wp\/v2\/posts\/33774\/revisions\/33817"}],"wp:featuredmedia":[{"embeddable":true,"href":"https:\/\/daphne.sk\/de\/wp-json\/wp\/v2\/media\/33777"}],"wp:attachment":[{"href":"https:\/\/daphne.sk\/de\/wp-json\/wp\/v2\/media?parent=33774"}],"wp:term":[{"taxonomy":"category","embeddable":true,"href":"https:\/\/daphne.sk\/de\/wp-json\/wp\/v2\/categories?post=33774"},{"taxonomy":"post_tag","embeddable":true,"href":"https:\/\/daphne.sk\/de\/wp-json\/wp\/v2\/tags?post=33774"},{"taxonomy":"kategoria-bigling","embeddable":true,"href":"https:\/\/daphne.sk\/de\/wp-json\/wp\/v2\/kategoria-bigling?post=33774"}],"curies":[{"name":"wp","href":"https:\/\/api.w.org\/{rel}","templated":true}]}}