{"id":33921,"date":"2026-04-16T08:12:51","date_gmt":"2026-04-16T08:12:51","guid":{"rendered":"https:\/\/daphne.sk\/?p=33921"},"modified":"2026-04-16T08:46:13","modified_gmt":"2026-04-16T08:46:13","slug":"hladame-miesta-pre-oazy-pre-opelovace-v-bratislave","status":"publish","type":"post","link":"https:\/\/daphne.sk\/de\/hladame-miesta-pre-oazy-pre-opelovace-v-bratislave\/","title":{"rendered":"H\u013ead\u00e1me miesta pre o\u00e1zy pre ope\u013eova\u010de v Bratislave"},"content":{"rendered":"\n<p><strong><em>Pom\u00f4\u017ete n\u00e1m premeni\u0165 mestsk\u00e9 priestory na miesta pln\u00e9 \u017eivota.<\/em><\/strong><\/p>\n\n\n\n<p>V r\u00e1mci projektu <strong><a href=\"https:\/\/daphne.sk\/projekt\/buzz-for-change\/\">Buzz for Change<\/a><\/strong> h\u013ead\u00e1me <strong>\u0161kolsk\u00e9 dvory a verejn\u00e9 priestory v Bratislave<\/strong>, kde spolo\u010dne s\u00a0ml\u00e1de\u017eou vytvor\u00edme <strong>o\u00e1zy<\/strong> pre ope\u013eova\u010de \u2013 pestr\u00e9 kvitn\u00face plochy, ktor\u00e9 poskytuj\u00fa potravu a \u00fakryt pre v\u010dely, \u010dmele, mot\u00fdle \u010di pestrice.<\/p>\n\n\n\n<p>Aktu\u00e1lne m\u00e1me vybran\u00e9 \u0161tyri lokality a <strong>h\u013ead\u00e1me e\u0161te 6 \u010fal\u0161\u00edch<\/strong>.<\/p>\n\n\n\n<figure class=\"wp-block-image size-large\"><img decoding=\"async\" width=\"1024\" height=\"682\" src=\"https:\/\/daphne.sk\/wp-content\/uploads\/2026\/04\/trudovka_kvetinova_semelbauer-1024x682.jpg\" alt=\"\" class=\"wp-image-33926\" srcset=\"https:\/\/daphne.sk\/wp-content\/uploads\/2026\/04\/trudovka_kvetinova_semelbauer-1024x682.jpg 1024w, https:\/\/daphne.sk\/wp-content\/uploads\/2026\/04\/trudovka_kvetinova_semelbauer-300x200.jpg 300w, https:\/\/daphne.sk\/wp-content\/uploads\/2026\/04\/trudovka_kvetinova_semelbauer-768x512.jpg 768w, https:\/\/daphne.sk\/wp-content\/uploads\/2026\/04\/trudovka_kvetinova_semelbauer-1536x1023.jpg 1536w, https:\/\/daphne.sk\/wp-content\/uploads\/2026\/04\/trudovka_kvetinova_semelbauer.jpg 1864w\" sizes=\"(max-width: 1024px) 100vw, 1024px\" \/><figcaption class=\"wp-element-caption\">Tr\u00fadovka kvetinov\u00e1, Foto: Marek Semelbauer<\/figcaption><\/figure>\n\n\n\n<p><strong>Pre\u010do s\u00fa o\u00e1zy pre ope\u013eova\u010de d\u00f4le\u017eit\u00e9?<\/strong><\/p>\n\n\n\n<p>Ope\u013eova\u010de s\u00fa nenahradite\u013enou s\u00fa\u010das\u0165ou krajiny, bez nich by sme pri\u0161li o&nbsp;v\u00e4\u010d\u0161inu na\u0161ich potrav\u00edn.<\/p>\n\n\n\n<ul class=\"wp-block-list\">\n<li><strong>Zabezpe\u010duj\u00fa opelenie ve\u013ekej \u010dasti rastl\u00edn<\/strong>, vr\u00e1tane mnoh\u00fdch plod\u00edn, ktor\u00e9 jeme.<\/li>\n\n\n\n<li><strong>Podporuj\u00fa biodiverzitu<\/strong> \u2013 bez nich by mnoh\u00e9 rastliny a na ne viazan\u00e9 \u017eivo\u010d\u00edchy nemohli existova\u0165.<\/li>\n\n\n\n<li>V mest\u00e1ch pom\u00e1haj\u00fa vytv\u00e1ra\u0165 <strong>zdrav\u0161ie a pr\u00edjemnej\u0161ie prostredie pre \u013eud\u00ed<\/strong>.<\/li>\n<\/ul>\n\n\n\n<p>Napriek tomu ich ub\u00fada \u2013 najm\u00e4 kv\u00f4li strate prirodzen\u00fdch biotopov, \u010dast\u00e9mu koseniu, aplik\u00e1cii pestic\u00eddov a&nbsp;celkov\u00e9mu nedostatku kvitn\u00facich kvetov po\u010das sez\u00f3ny.<br><br>Aj mal\u00e1 zmena, ako je <strong>kvetnat\u00fd p\u00e1s, z\u00e1hon alebo menej kosen\u00fd tr\u00e1vnik<\/strong>, m\u00e1 pre ope\u013eova\u010de ve\u013ek\u00fd v\u00fdznam.<\/p>\n\n\n\n<p><strong>Vybran\u00fdm lokalit\u00e1m pom\u00f4\u017eeme:<\/strong><\/p>\n\n\n\n<ul class=\"wp-block-list\">\n<li>navrhn\u00fa\u0165 vhodn\u00e9 rie\u0161enie pre dan\u00fd priestor,<\/li>\n\n\n\n<li>zalo\u017ei\u0165 kvetnat\u00fa plochu alebo in\u00fd prvok pre ope\u013eova\u010de,<\/li>\n\n\n\n<li>poskytn\u00fa\u0165 odborn\u00e9 know-how a podporu,<\/li>\n\n\n\n<li>zapoji\u0165 komunitu alebo \u0161kolu do realiz\u00e1cie.<\/li>\n<\/ul>\n\n\n\n<p><strong>Koho h\u013ead\u00e1me?<\/strong><\/p>\n\n\n\n<ul class=\"wp-block-list\">\n<li>\u0161koly (\u0161kolsk\u00e9 dvory, z\u00e1hrady),<\/li>\n\n\n\n<li>mestsk\u00e9 \u010dasti a samospr\u00e1vy,<\/li>\n\n\n\n<li>spr\u00e1vcov verejn\u00fdch priestorov,<\/li>\n\n\n\n<li>komunity, ktor\u00e9 chc\u00fa zmeni\u0165 svoje okolie.<\/li>\n<\/ul>\n\n\n\n<p>M\u00e1te tip na vhodn\u00e9 miesto? <strong>Ozvite sa n\u00e1m na majercikova@daphne.sk.<br><\/strong><\/p>\n\n\n\n<p><strong>Mlad\u00ed tvoria materi\u00e1ly pre \u0161koly aj verejnos\u0165<\/strong><\/p>\n\n\n\n<p>S\u00fa\u010das\u0165ou projektu je aj zapojenie mlad\u00fdch \u013eud\u00ed do tvorby informa\u010dn\u00fdch a vzdel\u00e1vac\u00edch materi\u00e1lov<br><strong>\u201ePre\u010do a ako podpori\u0165 ope\u013eova\u010de\u201c<\/strong>. Materi\u00e1ly bud\u00fa vhodn\u00e9 pre cel\u00e9 Slovensko.<\/p>\n\n\n\n<p>Materi\u00e1ly bud\u00fa postupne dostupn\u00e9 pre \u0161koly aj verejnos\u0165 \u2013 prakticky, zrozumite\u013ene a pou\u017eite\u013en\u00e9 v ka\u017edodennom \u017eivote. Pon\u00fakneme v\u00e1m jednoduch\u00e9 tipy a&nbsp;triky na podporu ope\u013eova\u010dov na mal\u00fdch aj ve\u013ek\u00fdch ploch\u00e1ch. Predstav\u00edme jednoduch\u00e9 rie\u0161enia, ktor\u00e9 maj\u00fa ve\u013ek\u00fd pr\u00ednos pre pr\u00edrodu.<\/p>\n\n\n\n<p>Sledujte na\u0161e soci\u00e1lne siete, kde ich budeme priebe\u017ene zverej\u0148ova\u0165.<\/p>\n\n\n\n<p>Spolo\u010dne m\u00f4\u017eeme vr\u00e1ti\u0165 \u017eivot do na\u0161ich miest. Sta\u010d\u00ed za\u010da\u0165 na jednom dvore, v jednom parku, na jednom k\u00fasku tr\u00e1vnika.<\/p>\n\n\n\n<p>Autorka: Monika Chrenkov\u00e1<\/p>\n","protected":false},"excerpt":{"rendered":"<p>Pom\u00f4\u017ete n\u00e1m premeni\u0165 mestsk\u00e9 priestory na miesta pln\u00e9 \u017eivota. V r\u00e1mci projektu Buzz for Change h\u013ead\u00e1me \u0161kolsk\u00e9 dvory a verejn\u00e9 priestory v Bratislave, kde spolo\u010dne s\u00a0ml\u00e1de\u017eou vytvor\u00edme o\u00e1zy pre ope\u013eova\u010de \u2013 pestr\u00e9 kvitn\u00face plochy, ktor\u00e9 poskytuj\u00fa potravu a \u00fakryt pre v\u010dely, \u010dmele, mot\u00fdle \u010di pestrice. Aktu\u00e1lne m\u00e1me vybran\u00e9 \u0161tyri lokality a h\u013ead\u00e1me e\u0161te 6 \u010fal\u0161\u00edch.<\/p>\n","protected":false},"author":11,"featured_media":33926,"comment_status":"closed","ping_status":"open","sticky":false,"template":"","format":"standard","meta":{"_uag_custom_page_level_css":"","_jetpack_memberships_contains_paid_content":false,"footnotes":""},"categories":[3,95],"tags":[],"kategoria-bigling":[],"class_list":["post-33921","post","type-post","status-publish","format-standard","has-post-thumbnail","hentry","category-aktuality","category-uncategorized-sk"],"jetpack_featured_media_url":"https:\/\/daphne.sk\/wp-content\/uploads\/2026\/04\/trudovka_kvetinova_semelbauer.jpg","uagb_featured_image_src":{"full":["https:\/\/daphne.sk\/wp-content\/uploads\/2026\/04\/trudovka_kvetinova_semelbauer.jpg",1864,1242,false],"thumbnail":["https:\/\/daphne.sk\/wp-content\/uploads\/2026\/04\/trudovka_kvetinova_semelbauer-150x150.jpg",150,150,true],"medium":["https:\/\/daphne.sk\/wp-content\/uploads\/2026\/04\/trudovka_kvetinova_semelbauer-300x200.jpg",300,200,true],"medium_large":["https:\/\/daphne.sk\/wp-content\/uploads\/2026\/04\/trudovka_kvetinova_semelbauer-768x512.jpg",768,512,true],"large":["https:\/\/daphne.sk\/wp-content\/uploads\/2026\/04\/trudovka_kvetinova_semelbauer-1024x682.jpg",1024,682,true],"1536x1536":["https:\/\/daphne.sk\/wp-content\/uploads\/2026\/04\/trudovka_kvetinova_semelbauer-1536x1023.jpg",1536,1023,true],"2048x2048":["https:\/\/daphne.sk\/wp-content\/uploads\/2026\/04\/trudovka_kvetinova_semelbauer.jpg",1864,1242,false],"woocommerce_thumbnail":["https:\/\/daphne.sk\/wp-content\/uploads\/2026\/04\/trudovka_kvetinova_semelbauer-450x450.jpg",450,450,true]},"uagb_author_info":{"display_name":"Pavla Lenyiova","author_link":"https:\/\/daphne.sk\/de\/author\/lenyiova\/"},"uagb_comment_info":0,"uagb_excerpt":"Pom\u00f4\u017ete n\u00e1m premeni\u0165 mestsk\u00e9 priestory na miesta pln\u00e9 \u017eivota. V r\u00e1mci projektu Buzz for Change h\u013ead\u00e1me \u0161kolsk\u00e9 dvory a verejn\u00e9 priestory v Bratislave, kde spolo\u010dne s\u00a0ml\u00e1de\u017eou vytvor\u00edme o\u00e1zy pre ope\u013eova\u010de \u2013 pestr\u00e9 kvitn\u00face plochy, ktor\u00e9 poskytuj\u00fa potravu a \u00fakryt pre v\u010dely, \u010dmele, mot\u00fdle \u010di pestrice. Aktu\u00e1lne m\u00e1me vybran\u00e9 \u0161tyri lokality a h\u013ead\u00e1me e\u0161te 6 \u010fal\u0161\u00edch.","jetpack_sharing_enabled":true,"meta_box":{"canky":false,"feature_image_off":"0"},"_links":{"self":[{"href":"https:\/\/daphne.sk\/de\/wp-json\/wp\/v2\/posts\/33921","targetHints":{"allow":["GET"]}}],"collection":[{"href":"https:\/\/daphne.sk\/de\/wp-json\/wp\/v2\/posts"}],"about":[{"href":"https:\/\/daphne.sk\/de\/wp-json\/wp\/v2\/types\/post"}],"author":[{"embeddable":true,"href":"https:\/\/daphne.sk\/de\/wp-json\/wp\/v2\/users\/11"}],"replies":[{"embeddable":true,"href":"https:\/\/daphne.sk\/de\/wp-json\/wp\/v2\/comments?post=33921"}],"version-history":[{"count":3,"href":"https:\/\/daphne.sk\/de\/wp-json\/wp\/v2\/posts\/33921\/revisions"}],"predecessor-version":[{"id":33929,"href":"https:\/\/daphne.sk\/de\/wp-json\/wp\/v2\/posts\/33921\/revisions\/33929"}],"wp:featuredmedia":[{"embeddable":true,"href":"https:\/\/daphne.sk\/de\/wp-json\/wp\/v2\/media\/33926"}],"wp:attachment":[{"href":"https:\/\/daphne.sk\/de\/wp-json\/wp\/v2\/media?parent=33921"}],"wp:term":[{"taxonomy":"category","embeddable":true,"href":"https:\/\/daphne.sk\/de\/wp-json\/wp\/v2\/categories?post=33921"},{"taxonomy":"post_tag","embeddable":true,"href":"https:\/\/daphne.sk\/de\/wp-json\/wp\/v2\/tags?post=33921"},{"taxonomy":"kategoria-bigling","embeddable":true,"href":"https:\/\/daphne.sk\/de\/wp-json\/wp\/v2\/kategoria-bigling?post=33921"}],"curies":[{"name":"wp","href":"https:\/\/api.w.org\/{rel}","templated":true}]}}