{"id":34021,"date":"2026-04-27T16:20:43","date_gmt":"2026-04-27T16:20:43","guid":{"rendered":"https:\/\/daphne.sk\/?p=34021"},"modified":"2026-04-27T16:32:33","modified_gmt":"2026-04-27T16:32:33","slug":"nekrolog-za-andreou-kralovicovou-rod-vicenikovou","status":"publish","type":"post","link":"https:\/\/daphne.sk\/de\/nekrolog-za-andreou-kralovicovou-rod-vicenikovou\/","title":{"rendered":"Nekrol\u00f3g za Andreou Kralovi\u010dovou rod. Vicen\u00edkovou"},"content":{"rendered":"\n<p>S hlbok\u00fdm z\u00e1rmutkom sme prijali spr\u00e1vu, \u017ee n\u00e1s opustila na\u0161a priate\u013eka, kolegy\u0148a, pedagogi\u010dka a spoluzakladate\u013eka <strong>DAPHNE \u2013 In\u0161tit\u00fatu aplikovanej ekol\u00f3gie<\/strong>, <strong>Andrea Kralovi\u010dov\u00e1 rod. Vicen\u00edkov\u00e1<\/strong>.<\/p>\n\n\n\n<figure class=\"wp-block-image size-large\"><img decoding=\"async\" width=\"1024\" height=\"768\" src=\"https:\/\/daphne.sk\/wp-content\/uploads\/2026\/04\/dobre-sa-maskujem-1024x768.jpg\" alt=\"\" class=\"wp-image-34022\" srcset=\"https:\/\/daphne.sk\/wp-content\/uploads\/2026\/04\/dobre-sa-maskujem-1024x768.jpg 1024w, https:\/\/daphne.sk\/wp-content\/uploads\/2026\/04\/dobre-sa-maskujem-300x225.jpg 300w, https:\/\/daphne.sk\/wp-content\/uploads\/2026\/04\/dobre-sa-maskujem-768x576.jpg 768w, https:\/\/daphne.sk\/wp-content\/uploads\/2026\/04\/dobre-sa-maskujem-1536x1152.jpg 1536w, https:\/\/daphne.sk\/wp-content\/uploads\/2026\/04\/dobre-sa-maskujem.jpg 1920w\" sizes=\"(max-width: 1024px) 100vw, 1024px\" \/><\/figure>\n\n\n\n<p>Andrea patrila k \u013eu\u010fom, ktor\u00ed zanech\u00e1vaj\u00fa stopu ticho, prirodzene a hlboko. Bola pri zrode DAPHNE a spolu s \u010fal\u0161\u00edmi nad\u0161encami pom\u00e1hala budova\u0165 organiz\u00e1ciu, ktor\u00e1 vznikla z presved\u010denia, \u017ee ochrana pr\u00edrody m\u00e1 st\u00e1\u0165 na odbornosti, poctivej pr\u00e1ci, spolupr\u00e1ci a \u00facte k svetu okolo n\u00e1s. Tieto hodnoty Andrea niesla v sebe ve\u013emi prirodzene.<\/p>\n\n\n\n<p>V\u00fdrazn\u00fa stopu zanechala najm\u00e4 v environment\u00e1lnej v\u00fdchove, populariz\u00e1cii ochrany pr\u00edrody a pr\u00edprave odborn\u00fdch i metodick\u00fdch publik\u00e1ci\u00ed. Ako autorka, spoluautorka a editorka sa podie\u013eala na viacer\u00fdch v\u00fdznamn\u00fdch materi\u00e1loch DAPHNE venovan\u00fdch mokradiam, ra\u0161elinisk\u00e1m, l\u00fakam a pasienkom, eur\u00f3psky v\u00fdznamn\u00fdm biotopom, Karpatom, slanisk\u00e1m \u010di viatym pieskom Podunajska. Pom\u00e1hala tak premie\u0148a\u0165 odborn\u00e9 poznanie na zrozumite\u013en\u00fd a \u017eiv\u00fd jazyk pre u\u010dite\u013eov, deti, \u0161tudentov aj \u0161ir\u0161iu verejnos\u0165.<\/p>\n\n\n\n<p>Mnoh\u00ed si ju bud\u00fa pam\u00e4ta\u0165 aj ako pedagogi\u010dku, ktor\u00e1 vedela druh\u00fdm odovzd\u00e1va\u0165 vedomosti s pokojom, trpezlivos\u0165ou a \u013eudskos\u0165ou. Andrea rozumela pr\u00edrode, ale rovnako rozumela \u013eu\u010fom, ktor\u00fdm ju chcela pribl\u00ed\u017ei\u0165. V jej pr\u00e1ci sa odbornos\u0165 prirodzene sp\u00e1jala s citlivos\u0165ou, tvorivos\u0165ou a hlbok\u00fdm presved\u010den\u00edm, \u017ee ochrana pr\u00edrody sa za\u010d\u00edna porozumen\u00edm.<\/p>\n\n\n\n<p>Pre DAPHNE bola Andrea s\u00fa\u010das\u0165ou jeho za\u010diatkov, ale aj jeho ducha. Patrila k t\u00fdm, ktor\u00ed pom\u00e1hali vytvori\u0165 prostredie, kde sa odbornos\u0165 sp\u00e1ja s priate\u013estvom, zodpovednos\u0165 s nad\u0161en\u00edm a pr\u00e1ca pre pr\u00edrodu s \u00factou k \u013eu\u010fom aj ku krajine.<\/p>\n\n\n\n<p>Odchod Andrey je bolestnou stratou pre jej rodinu, priate\u013eov, kolegov, \u0161tudentov a v\u0161etk\u00fdch, ktor\u00ed mali mo\u017enos\u0165 ju pozna\u0165. Zost\u00e1va v\u0161ak s nami v spomienkach, v pr\u00e1ci, ku ktorej prispela, v publik\u00e1ci\u00e1ch, ktor\u00e9 pom\u00e1hala vytvori\u0165, aj v hodnot\u00e1ch, ktor\u00e9 spoluutv\u00e1rala.<\/p>\n\n\n\n<p>S v\u010fakou, \u00factou a l\u00e1skou si uchov\u00e1me jej pamiatku.<\/p>\n\n\n\n<p><strong>\u010ces\u0165 jej pamiatke.<\/strong><\/p>\n\n\n\n<p><\/p>\n","protected":false},"excerpt":{"rendered":"<p>S hlbok\u00fdm z\u00e1rmutkom sme prijali spr\u00e1vu, \u017ee n\u00e1s opustila na\u0161a priate\u013eka, kolegy\u0148a, pedagogi\u010dka a spoluzakladate\u013eka DAPHNE \u2013 In\u0161tit\u00fatu aplikovanej ekol\u00f3gie, Andrea Kralovi\u010dov\u00e1 rod. Vicen\u00edkov\u00e1. Andrea patrila k \u013eu\u010fom, ktor\u00ed zanech\u00e1vaj\u00fa stopu ticho, prirodzene a hlboko. Bola pri zrode DAPHNE a spolu s \u010fal\u0161\u00edmi nad\u0161encami pom\u00e1hala budova\u0165 organiz\u00e1ciu, ktor\u00e1 vznikla z presved\u010denia, \u017ee ochrana pr\u00edrody m\u00e1<\/p>\n","protected":false},"author":11,"featured_media":34022,"comment_status":"closed","ping_status":"open","sticky":false,"template":"","format":"standard","meta":{"_uag_custom_page_level_css":"","_jetpack_memberships_contains_paid_content":false,"footnotes":""},"categories":[3,95],"tags":[],"kategoria-bigling":[],"class_list":["post-34021","post","type-post","status-publish","format-standard","has-post-thumbnail","hentry","category-aktuality","category-uncategorized-sk"],"jetpack_featured_media_url":"https:\/\/daphne.sk\/wp-content\/uploads\/2026\/04\/dobre-sa-maskujem.jpg","uagb_featured_image_src":{"full":["https:\/\/daphne.sk\/wp-content\/uploads\/2026\/04\/dobre-sa-maskujem.jpg",1920,1440,false],"thumbnail":["https:\/\/daphne.sk\/wp-content\/uploads\/2026\/04\/dobre-sa-maskujem-150x150.jpg",150,150,true],"medium":["https:\/\/daphne.sk\/wp-content\/uploads\/2026\/04\/dobre-sa-maskujem-300x225.jpg",300,225,true],"medium_large":["https:\/\/daphne.sk\/wp-content\/uploads\/2026\/04\/dobre-sa-maskujem-768x576.jpg",768,576,true],"large":["https:\/\/daphne.sk\/wp-content\/uploads\/2026\/04\/dobre-sa-maskujem-1024x768.jpg",1024,768,true],"1536x1536":["https:\/\/daphne.sk\/wp-content\/uploads\/2026\/04\/dobre-sa-maskujem-1536x1152.jpg",1536,1152,true],"2048x2048":["https:\/\/daphne.sk\/wp-content\/uploads\/2026\/04\/dobre-sa-maskujem.jpg",1920,1440,false],"woocommerce_thumbnail":["https:\/\/daphne.sk\/wp-content\/uploads\/2026\/04\/dobre-sa-maskujem-450x450.jpg",450,450,true]},"uagb_author_info":{"display_name":"Pavla Lenyiova","author_link":"https:\/\/daphne.sk\/de\/author\/lenyiova\/"},"uagb_comment_info":0,"uagb_excerpt":"S hlbok\u00fdm z\u00e1rmutkom sme prijali spr\u00e1vu, \u017ee n\u00e1s opustila na\u0161a priate\u013eka, kolegy\u0148a, pedagogi\u010dka a spoluzakladate\u013eka DAPHNE \u2013 In\u0161tit\u00fatu aplikovanej ekol\u00f3gie, Andrea Kralovi\u010dov\u00e1 rod. Vicen\u00edkov\u00e1. Andrea patrila k \u013eu\u010fom, ktor\u00ed zanech\u00e1vaj\u00fa stopu ticho, prirodzene a hlboko. Bola pri zrode DAPHNE a spolu s \u010fal\u0161\u00edmi nad\u0161encami pom\u00e1hala budova\u0165 organiz\u00e1ciu, ktor\u00e1 vznikla z presved\u010denia, \u017ee ochrana pr\u00edrody m\u00e1","jetpack_sharing_enabled":true,"meta_box":{"canky":false,"feature_image_off":"0"},"_links":{"self":[{"href":"https:\/\/daphne.sk\/de\/wp-json\/wp\/v2\/posts\/34021","targetHints":{"allow":["GET"]}}],"collection":[{"href":"https:\/\/daphne.sk\/de\/wp-json\/wp\/v2\/posts"}],"about":[{"href":"https:\/\/daphne.sk\/de\/wp-json\/wp\/v2\/types\/post"}],"author":[{"embeddable":true,"href":"https:\/\/daphne.sk\/de\/wp-json\/wp\/v2\/users\/11"}],"replies":[{"embeddable":true,"href":"https:\/\/daphne.sk\/de\/wp-json\/wp\/v2\/comments?post=34021"}],"version-history":[{"count":2,"href":"https:\/\/daphne.sk\/de\/wp-json\/wp\/v2\/posts\/34021\/revisions"}],"predecessor-version":[{"id":34025,"href":"https:\/\/daphne.sk\/de\/wp-json\/wp\/v2\/posts\/34021\/revisions\/34025"}],"wp:featuredmedia":[{"embeddable":true,"href":"https:\/\/daphne.sk\/de\/wp-json\/wp\/v2\/media\/34022"}],"wp:attachment":[{"href":"https:\/\/daphne.sk\/de\/wp-json\/wp\/v2\/media?parent=34021"}],"wp:term":[{"taxonomy":"category","embeddable":true,"href":"https:\/\/daphne.sk\/de\/wp-json\/wp\/v2\/categories?post=34021"},{"taxonomy":"post_tag","embeddable":true,"href":"https:\/\/daphne.sk\/de\/wp-json\/wp\/v2\/tags?post=34021"},{"taxonomy":"kategoria-bigling","embeddable":true,"href":"https:\/\/daphne.sk\/de\/wp-json\/wp\/v2\/kategoria-bigling?post=34021"}],"curies":[{"name":"wp","href":"https:\/\/api.w.org\/{rel}","templated":true}]}}