{"id":34038,"date":"2026-05-01T20:09:10","date_gmt":"2026-05-01T20:09:10","guid":{"rendered":"https:\/\/daphne.sk\/?p=34038"},"modified":"2026-05-01T20:18:31","modified_gmt":"2026-05-01T20:18:31","slug":"zivot-v-plnej-aktivite","status":"publish","type":"post","link":"https:\/\/daphne.sk\/de\/zivot-v-plnej-aktivite\/","title":{"rendered":"M\u00c1J V PR\u00cdRODE V PLNEJ SILE"},"content":{"rendered":"<h2 data-start=\"374\" data-end=\"420\"><strong data-start=\"377\" data-end=\"420\">V\u00fdzva na m\u00e1j<\/strong><\/h2>\r\n<p data-start=\"396\" data-end=\"701\">M\u00e1j prin\u00e1\u0161a jedno z najakt\u00edvnej\u0161\u00edch obdob\u00ed roka. V pr\u00edrode je vidite\u013en\u00e1 vysok\u00e1 druhov\u00e1 pestros\u0165 a intenz\u00edvna aktivita \u017eivo\u010d\u00edchov aj rastl\u00edn. Krajina je pokryt\u00e1 kvitn\u00facou veget\u00e1ciou a z\u00e1rove\u0148 sa v nej odohr\u00e1va mno\u017estvo nen\u00e1padn\u00fdch, ale d\u00f4le\u017eit\u00fdch pr\u00edrodn\u00fdch dejov \u2013 od ope\u013eovania a\u017e po lov a rozmno\u017eovanie.<\/p>\r\n<p data-start=\"703\" data-end=\"949\">Sledujte, kde sa jednotliv\u00e9 druhy objavuj\u00fa a ako sa spr\u00e1vaj\u00fa v tomto obdob\u00ed vrcholiacej jari.<\/p>\r\n<p data-start=\"703\" data-end=\"949\">\u00a0<\/p>\r\n<h3 class=\"wp-block-heading\"><strong>Pozorovanie rastl\u00edn<\/strong><\/h3>\r\n<p><b><span data-contrast=\"auto\">\u00a0\u010co pr\u00e1ve kvitne?<\/span><\/b><span data-contrast=\"auto\">\u202f<\/span><span data-ccp-props=\"{}\">\u00a0<\/span><\/p>\r\n<p>V m\u00e1ji je veget\u00e1cia v plnom rozvoji a mnoho rastlinn\u00fdch druhov sa nach\u00e1dza v obdob\u00ed kvitnutia. Pr\u00edroda je v tomto \u010dase mimoriadne pestr\u00e1 a rozkvitnut\u00e9 rastliny vytv\u00e1raj\u00fa v\u00fdrazn\u00fa s\u00fa\u010das\u0165 jarn\u00e9ho diania v krajine.<\/p>\r\n<div class=\"wp-block-media-text is-stacked-on-mobile\">\r\n<div class=\"wp-block-media-text__content\">\r\n<p><strong>Lipa malolist\u00e1 \/ <em>Tilia cordata<\/em><\/strong><\/p>\r\n<p>Hovor\u00ed sa jej aj lipa srdcovit\u00e1 kv\u00f4li jej listom, ktor\u00e9 maj\u00fa tvar srdca. Z kvetov sa vyr\u00e1ba \u010daj, ktor\u00fd povzbudzuje chu\u0165 do jedla, uvo\u013e\u0144uje k\u0155\u010de alebo pom\u00e1ha pri z\u00e1paloch d\u00fdchac\u00edch ciest.<\/p>\r\n<\/div>\r\n<\/div>\r\n<!-- \/wp:post-content -->\r\n\r\n<!-- wp:spacer {\"height\":\"50px\"} \/-->\r\n\r\n<!-- wp:media-text {\"mediaId\":30427,\"mediaLink\":\"https:\/\/daphne.sk\/?attachment_id=30427\",\"mediaType\":\"image\"} -->\r\n<div class=\"wp-block-media-text is-stacked-on-mobile\">\r\n<figure class=\"wp-block-media-text__media\"><img decoding=\"async\" class=\"alignnone wp-image-34052 size-full\" src=\"https:\/\/daphne.sk\/wp-content\/uploads\/2026\/05\/pexels-evija-ciematniece-1914823-33102996.jpg\" alt=\"\" width=\"1920\" height=\"1280\" srcset=\"https:\/\/daphne.sk\/wp-content\/uploads\/2026\/05\/pexels-evija-ciematniece-1914823-33102996.jpg 1920w, https:\/\/daphne.sk\/wp-content\/uploads\/2026\/05\/pexels-evija-ciematniece-1914823-33102996-300x200.jpg 300w, https:\/\/daphne.sk\/wp-content\/uploads\/2026\/05\/pexels-evija-ciematniece-1914823-33102996-1024x683.jpg 1024w, https:\/\/daphne.sk\/wp-content\/uploads\/2026\/05\/pexels-evija-ciematniece-1914823-33102996-768x512.jpg 768w, https:\/\/daphne.sk\/wp-content\/uploads\/2026\/05\/pexels-evija-ciematniece-1914823-33102996-1536x1024.jpg 1536w\" sizes=\"(max-width: 1920px) 100vw, 1920px\" \/><\/figure>\r\n<p style=\"text-align: right;\">\ud83d\udcf8 Pexels.com<\/p>\r\n<div class=\"wp-block-media-text__content\">\r\n<p>&nbsp;<\/p>\r\n<p><strong>\u010eatelina l\u00fa\u010dna \/ <em>Trifolium pratense<\/em><\/strong><\/p>\r\n<p>Trv\u00e1ca bylina narastaj\u00faca do v\u00fd\u0161ky 15-40cm. Pestuje sa aj ako k\u0155mna rastlina ke\u010f\u017ee m\u00e1 v sebe ve\u013ea bielkov\u00edn a miner\u00e1lov. Je v\u00fdznamn\u00e1 medonosn\u00e1 rastlina. M\u00e1 lie\u010div\u00e9 \u00fa\u010dinky \u2013 zvonka ako obklad pri ko\u017en\u00fdch probl\u00e9moch, zvn\u00fatra pri z\u00e1pale pridu\u0161iek a ka\u0161li.<\/p>\r\n<\/div>\r\n<\/div>\r\n<!-- \/wp:media-text -->\r\n\r\n<!-- wp:media-text {\"mediaId\":30428,\"mediaLink\":\"https:\/\/daphne.sk\/?attachment_id=30428\",\"mediaType\":\"image\"} -->\r\n<div class=\"wp-block-media-text is-stacked-on-mobile\">\r\n<figure class=\"wp-block-media-text__media\"><img decoding=\"async\" class=\"alignnone wp-image-34054 size-full\" src=\"https:\/\/daphne.sk\/wp-content\/uploads\/2026\/05\/couleur-clover-3430247_1920.jpg\" alt=\"\" width=\"1920\" height=\"1280\" srcset=\"https:\/\/daphne.sk\/wp-content\/uploads\/2026\/05\/couleur-clover-3430247_1920.jpg 1920w, https:\/\/daphne.sk\/wp-content\/uploads\/2026\/05\/couleur-clover-3430247_1920-300x200.jpg 300w, https:\/\/daphne.sk\/wp-content\/uploads\/2026\/05\/couleur-clover-3430247_1920-1024x683.jpg 1024w, https:\/\/daphne.sk\/wp-content\/uploads\/2026\/05\/couleur-clover-3430247_1920-768x512.jpg 768w, https:\/\/daphne.sk\/wp-content\/uploads\/2026\/05\/couleur-clover-3430247_1920-1536x1024.jpg 1536w\" sizes=\"(max-width: 1920px) 100vw, 1920px\" \/><\/figure>\r\n<p style=\"text-align: right;\">\ud83d\udcf8 Pixabay.com<\/p>\r\n<\/div>\r\n<div class=\"wp-block-media-text is-stacked-on-mobile\">\r\n<div class=\"wp-block-media-text__content\">\r\n<p>&nbsp;<\/p>\r\n<p><strong>Skorocel v\u00e4\u010d\u0161\u00ed \/ <em>Plantago major<\/em><\/strong><\/p>\r\n<p>Skorocel v\u00e4\u010d\u0161\u00ed rastie na l\u00fakach, pri cest\u00e1ch, na dvoroch a pasienkoch alebo na okraji pol\u00ed. Typick\u00e9 su jeho \u0161irok\u00e9 listy, ktor\u00e9 tvoria pr\u00edzemn\u00fa ru\u017eicu. Kvitne od m\u00e1ja do okt\u00f3bra. M\u00e1 protiz\u00e1palov\u00e9 \u00fa\u010dinky a preto sa vyu\u017e\u00edva pri probl\u00e9moch s poko\u017ekou \u2013 na \u0161krabance, bodnutia od hmyzu, na drobn\u00e9 rany alebo vyr\u00e1\u017eky. Taktie\u017e pom\u00e1ha pri lie\u010dbe ochoren\u00ed d\u00fdchac\u00edch ciest, u\u013eah\u010duje vyka\u0161liavanie a t\u00ed\u0161i dr\u00e1\u017edenie na ka\u0161e\u013e.<\/p>\r\n<\/div>\r\n<\/div>\r\n<!-- \/wp:media-text -->\r\n\r\n<!-- wp:media-text {\"mediaId\":30428,\"mediaLink\":\"https:\/\/daphne.sk\/?attachment_id=30428\",\"mediaType\":\"image\"} -->\r\n<div class=\"wp-block-media-text is-stacked-on-mobile\">\r\n<figure class=\"wp-block-media-text__media\"><img decoding=\"async\" class=\"alignnone wp-image-34056 size-full\" src=\"https:\/\/daphne.sk\/wp-content\/uploads\/2026\/05\/Depositphotos_472934630_L.jpg\" alt=\"\" width=\"2000\" height=\"1333\" srcset=\"https:\/\/daphne.sk\/wp-content\/uploads\/2026\/05\/Depositphotos_472934630_L.jpg 2000w, https:\/\/daphne.sk\/wp-content\/uploads\/2026\/05\/Depositphotos_472934630_L-300x200.jpg 300w, https:\/\/daphne.sk\/wp-content\/uploads\/2026\/05\/Depositphotos_472934630_L-1024x682.jpg 1024w, https:\/\/daphne.sk\/wp-content\/uploads\/2026\/05\/Depositphotos_472934630_L-768x512.jpg 768w, https:\/\/daphne.sk\/wp-content\/uploads\/2026\/05\/Depositphotos_472934630_L-1536x1024.jpg 1536w\" sizes=\"(max-width: 2000px) 100vw, 2000px\" \/><\/figure>\r\n<p style=\"text-align: right;\">\ud83d\udcf8 Depositphotos<\/p>\r\n<p>&nbsp;<\/p>\r\n<p><strong>Kapsi\u010dka pastierska \/ <em>Capsella bursa-pastoris<\/em><\/strong><\/p>\r\n<p>Jednoro\u010dn\u00e1, niekedy dvojro\u010dn\u00e1 bylina dorastaj\u00faca do v\u00fd\u0161ky 10-40cm. Jej plod \u2013 \u0161e\u0161u\u013eka - je ploch\u00fd a tvarom pripom\u00edna kapsu, ktor\u00fa kedysi nosili pastieri. T\u00e1to burina obsahuje vitam\u00edny aj v\u00e1pnik, drasl\u00edk a vysok\u00e9 mno\u017estvo antioxidantov. Priaznivo vpl\u00fdva na pe\u010de\u0148, mo\u010dov\u00e9 \u00fastrojenstvo a slezinu, zvy\u0161uje zr\u00e1\u017eanlivos\u0165 krvi, pou\u017e\u00edva sa na rany a ekz\u00e9my.<\/p>\r\n<div class=\"wp-block-media-text is-stacked-on-mobile\">\r\n<figure class=\"wp-block-media-text__media\"><img decoding=\"async\" class=\"alignnone wp-image-34058 size-full\" src=\"https:\/\/daphne.sk\/wp-content\/uploads\/2026\/05\/alexa_volovenco-shepherds-purse-604781_1920.jpg\" alt=\"\" width=\"1920\" height=\"1280\" srcset=\"https:\/\/daphne.sk\/wp-content\/uploads\/2026\/05\/alexa_volovenco-shepherds-purse-604781_1920.jpg 1920w, https:\/\/daphne.sk\/wp-content\/uploads\/2026\/05\/alexa_volovenco-shepherds-purse-604781_1920-300x200.jpg 300w, https:\/\/daphne.sk\/wp-content\/uploads\/2026\/05\/alexa_volovenco-shepherds-purse-604781_1920-1024x683.jpg 1024w, https:\/\/daphne.sk\/wp-content\/uploads\/2026\/05\/alexa_volovenco-shepherds-purse-604781_1920-768x512.jpg 768w, https:\/\/daphne.sk\/wp-content\/uploads\/2026\/05\/alexa_volovenco-shepherds-purse-604781_1920-1536x1024.jpg 1536w\" sizes=\"(max-width: 1920px) 100vw, 1920px\" \/><\/figure>\r\n<p style=\"text-align: right;\">\ud83d\udcf8 Pixabay.com<\/p>\r\n<p>&nbsp;<\/p>\r\n<\/div>\r\n<\/div>\r\n<div class=\"wp-block-media-text is-stacked-on-mobile\">\r\n<div class=\"wp-block-media-text is-stacked-on-mobile\">\r\n<h3 class=\"wp-block-heading\"><strong>Pozorovanie \u017eivo\u010d\u00edchov<\/strong><\/h3>\r\n<\/div>\r\n<\/div>\r\n<!-- \/wp:media-text -->\r\n\r\n<!-- wp:media-text {\"mediaId\":30424,\"mediaLink\":\"https:\/\/daphne.sk\/?attachment_id=30424\",\"mediaType\":\"image\"} \/-->\r\n\r\n<!-- wp:paragraph \/-->\r\n\r\n<!-- wp:heading {\"level\":3} -->\r\n<div class=\"wp-block-media-text is-stacked-on-mobile\"><!-- \/wp:heading -->\r\n\r\n<!-- wp:spacer {\"height\":\"50px\"} \/-->\r\n\r\n<!-- wp:media-text {\"mediaId\":30427,\"mediaLink\":\"https:\/\/daphne.sk\/?attachment_id=30427\",\"mediaType\":\"image\"} --><\/div>\r\n<p>M\u00e1j je obdob\u00edm vysokej aktivity \u017eivo\u010d\u00edchov. Mnoh\u00e9 druhy s\u00fa v plnom hniezdnom alebo rozmno\u017eovacom obdob\u00ed, intenz\u00edvne vyh\u013ead\u00e1vaj\u00fa potravu a vyu\u017e\u00edvaj\u00fa vhodn\u00e9 stanovi\u0161tia. V tomto \u010dase je mo\u017en\u00e9 pozorova\u0165 \u0161irok\u00e9 spektrum druhov v r\u00f4znych typoch prostredia.<\/p>\r\n<div class=\"wp-block-media-text is-stacked-on-mobile\">\r\n<div class=\"wp-block-media-text__content\"><strong>Holub hrivn\u00e1k \/ <em>Columba palumbus<\/em><\/strong><\/div>\r\n<div class=\"wp-block-media-text__content\">\u017dil p\u00f4vodne v lesoch. Na rozdiel od mestsk\u00e9ho holuba sa st\u00e1le \u017eiv\u00ed semenami, pre ktor\u00e9 zalieta na polia aj nieko\u013eko kilometrov od mesta. Prv\u00e9 jedince v slovensk\u00fdch mest\u00e1ch boli zaznamenan\u00e9 na prelome 80. a 90. rokov 20. storo\u010dia. Prikrmovanie chlebom odmieta, av\u0161ak zahniezdi nielen na stromoch, ale i na r\u00edmsach \u010di v\u00fdklenkoch budov. Z miest v s\u00fa\u010dasnosti vytl\u00e1\u010da zn\u00e1mu hrdli\u010dku z\u00e1hradn\u00fa, ktor\u00e1 bola p\u00f4vodne stepn\u00fdm druhom.<\/div>\r\n<\/div>\r\n<!-- \/wp:media-text -->\r\n\r\n<!-- wp:media-text {\"mediaId\":30428,\"mediaLink\":\"https:\/\/daphne.sk\/?attachment_id=30428\",\"mediaType\":\"image\"} \/-->\r\n\r\n<!-- wp:media-text {\"mediaId\":30425,\"mediaLink\":\"https:\/\/daphne.sk\/?attachment_id=30425\",\"mediaType\":\"image\"} -->\r\n<div class=\"wp-block-media-text is-stacked-on-mobile\">\r\n<figure class=\"wp-block-media-text__media\"><img decoding=\"async\" class=\"alignnone wp-image-34042 size-full\" src=\"https:\/\/daphne.sk\/wp-content\/uploads\/2026\/05\/pexels-phil-mitchell-161192924-14697268.jpg\" alt=\"\" width=\"1920\" height=\"1433\" srcset=\"https:\/\/daphne.sk\/wp-content\/uploads\/2026\/05\/pexels-phil-mitchell-161192924-14697268.jpg 1920w, https:\/\/daphne.sk\/wp-content\/uploads\/2026\/05\/pexels-phil-mitchell-161192924-14697268-300x224.jpg 300w, https:\/\/daphne.sk\/wp-content\/uploads\/2026\/05\/pexels-phil-mitchell-161192924-14697268-1024x764.jpg 1024w, https:\/\/daphne.sk\/wp-content\/uploads\/2026\/05\/pexels-phil-mitchell-161192924-14697268-768x573.jpg 768w, https:\/\/daphne.sk\/wp-content\/uploads\/2026\/05\/pexels-phil-mitchell-161192924-14697268-1536x1146.jpg 1536w\" sizes=\"(max-width: 1920px) 100vw, 1920px\" \/><\/figure>\r\n<p style=\"text-align: right;\"><span id=\"span-33-19820\" class=\"ct-span oxy-stock-content-styles\">\ud83d\udcf8 Pexels.com<\/span><\/p>\r\n<\/div>\r\n<div class=\"wp-block-media-text is-stacked-on-mobile\">\r\n<div>\u00a0<\/div>\r\n<div class=\"wp-block-media-text__content\"><strong>U\u017eovka stromov\u00e1 \/ <em>Zamenis longissimus<\/em><\/strong><\/div>\r\n<div class=\"wp-block-media-text__content\">U\u017eovka stromov\u00e1 je n\u00e1\u0161 najdlh\u0161\u00ed had. Ako jej meno napoved\u00e1, v\u010faka upraven\u00fdm bru\u0161n\u00fdm \u0161t\u00edtkom vie vynikaj\u00faco liez\u0165 po stromoch a aj po kr\u00edkoch. Je plach\u00e1, pri vyru\u0161en\u00ed znehybnie alebo unik\u00e1 r\u00fdchlo do \u00fakrytu. Akt\u00edvna je po\u010das d\u0148a a za s\u00famraku, v\u00e4\u010d\u0161inu \u010dasu sa zdr\u017eiava na zemi a v h\u00fa\u0161tin\u00e1ch. \u017div\u00ed sa najm\u00e4 my\u0161ami, ja\u0161tericami a vt\u00e1kmi. Je symbolom lek\u00e1rstva.<\/div>\r\n<\/div>\r\n<!-- \/wp:media-text -->\r\n\r\n<!-- wp:media-text {\"mediaId\":30428,\"mediaLink\":\"https:\/\/daphne.sk\/?attachment_id=30428\",\"mediaType\":\"image\"} \/-->\r\n\r\n<!-- wp:media-text {\"mediaId\":30425,\"mediaLink\":\"https:\/\/daphne.sk\/?attachment_id=30425\",\"mediaType\":\"image\"} -->\r\n<div class=\"wp-block-media-text is-stacked-on-mobile\"><!-- \/wp:media-text -->\r\n\r\n<!-- wp:media-text {\"mediaId\":30428,\"mediaLink\":\"https:\/\/daphne.sk\/?attachment_id=30428\",\"mediaType\":\"image\"} \/-->\r\n\r\n<!-- wp:media-text {\"mediaId\":30425,\"mediaLink\":\"https:\/\/daphne.sk\/?attachment_id=30425\",\"mediaType\":\"image\"} -->\r\n<div class=\"wp-block-media-text is-stacked-on-mobile\">\r\n<figure class=\"wp-block-media-text__media\"><img decoding=\"async\" class=\"alignnone wp-image-34040 size-full\" src=\"https:\/\/daphne.sk\/wp-content\/uploads\/2026\/05\/noverodus-zamenis-longissimus-4912635_1920.jpg\" alt=\"\" width=\"1920\" height=\"1080\" srcset=\"https:\/\/daphne.sk\/wp-content\/uploads\/2026\/05\/noverodus-zamenis-longissimus-4912635_1920.jpg 1920w, https:\/\/daphne.sk\/wp-content\/uploads\/2026\/05\/noverodus-zamenis-longissimus-4912635_1920-300x169.jpg 300w, https:\/\/daphne.sk\/wp-content\/uploads\/2026\/05\/noverodus-zamenis-longissimus-4912635_1920-1024x576.jpg 1024w, https:\/\/daphne.sk\/wp-content\/uploads\/2026\/05\/noverodus-zamenis-longissimus-4912635_1920-768x432.jpg 768w, https:\/\/daphne.sk\/wp-content\/uploads\/2026\/05\/noverodus-zamenis-longissimus-4912635_1920-1536x864.jpg 1536w\" sizes=\"(max-width: 1920px) 100vw, 1920px\" \/><\/figure>\r\n<p style=\"text-align: right;\">\ud83d\udcf8 Pixabay.com<\/p>\r\n<\/div>\r\n<\/div>\r\n<div class=\"wp-block-media-text is-stacked-on-mobile\">\r\n<div>\u00a0<\/div>\r\n<div class=\"wp-block-media-text__content\"><strong>Tr\u00fadovka kvetinov\u00e1 \/ <em>Myathropa florea<\/em><\/strong><\/div>\r\n<div class=\"wp-block-media-text__content\">Pestrica s v\u00fdraznou kresbou na hrudi, \u010dasto prirovn\u00e1vanou k miniat\u00farnej lebke. Dospel\u00e9 jedince s\u00fa d\u00f4le\u017eit\u00fdmi ope\u013eova\u010dmi, zatia\u013e \u010do ich larvy sa vyv\u00edjaj\u00fa vo vode v dutin\u00e1ch stromov. Je ve\u013emi roz\u0161\u00edren\u00e1, mo\u017eno ju n\u00e1js\u0165 v z\u00e1hrad\u00e1ch, na l\u00fakach aj v lesoch.<\/div>\r\n<\/div>\r\n<!-- \/wp:media-text -->\r\n\r\n<!-- wp:media-text {\"mediaId\":30428,\"mediaLink\":\"https:\/\/daphne.sk\/?attachment_id=30428\",\"mediaType\":\"image\"} \/-->\r\n\r\n<!-- wp:media-text {\"mediaId\":30425,\"mediaLink\":\"https:\/\/daphne.sk\/?attachment_id=30425\",\"mediaType\":\"image\"} -->\r\n<div class=\"wp-block-media-text is-stacked-on-mobile\"><!-- \/wp:media-text -->\r\n\r\n<!-- wp:media-text {\"mediaId\":30428,\"mediaLink\":\"https:\/\/daphne.sk\/?attachment_id=30428\",\"mediaType\":\"image\"} \/-->\r\n\r\n<!-- wp:media-text {\"mediaId\":30425,\"mediaLink\":\"https:\/\/daphne.sk\/?attachment_id=30425\",\"mediaType\":\"image\"} -->\r\n<div class=\"wp-block-media-text is-stacked-on-mobile\">\r\n<figure class=\"wp-block-media-text__media\"><img decoding=\"async\" class=\"alignnone wp-image-34048 size-full\" src=\"https:\/\/daphne.sk\/wp-content\/uploads\/2026\/05\/siegella-myathropa-florea-8092368_1920-1.jpg\" alt=\"\" width=\"1920\" height=\"1280\" srcset=\"https:\/\/daphne.sk\/wp-content\/uploads\/2026\/05\/siegella-myathropa-florea-8092368_1920-1.jpg 1920w, https:\/\/daphne.sk\/wp-content\/uploads\/2026\/05\/siegella-myathropa-florea-8092368_1920-1-300x200.jpg 300w, https:\/\/daphne.sk\/wp-content\/uploads\/2026\/05\/siegella-myathropa-florea-8092368_1920-1-1024x683.jpg 1024w, https:\/\/daphne.sk\/wp-content\/uploads\/2026\/05\/siegella-myathropa-florea-8092368_1920-1-768x512.jpg 768w, https:\/\/daphne.sk\/wp-content\/uploads\/2026\/05\/siegella-myathropa-florea-8092368_1920-1-1536x1024.jpg 1536w\" sizes=\"(max-width: 1920px) 100vw, 1920px\" \/><\/figure>\r\n<p style=\"text-align: right;\"><span id=\"span-33-19820\" class=\"ct-span oxy-stock-content-styles\">\ud83d\udcf8 Pixabay.com<\/span><\/p>\r\n<\/div>\r\n<\/div>\r\n<div class=\"wp-block-media-text is-stacked-on-mobile\">\r\n<div class=\"wp-block-media-text is-stacked-on-mobile\">\r\n<div class=\"wp-block-media-text is-stacked-on-mobile\">\r\n<div>\u00a0<\/div>\r\n<div class=\"wp-block-media-text__content\"><strong>Skokan zelen\u00fd \/ <em>Pelophylax kl. Esculentus<\/em><\/strong><\/div>\r\n<div class=\"wp-block-media-text__content\">Oboj\u017eiveln\u00edk ob\u00fdvaj\u00faci brehy riek, mo\u010diare alebo zaplavovan\u00e9 l\u00faky v otvorenej krajine i v lu\u017en\u00fdch lesoch. Medzi jeho potravu patria \u010dl\u00e1nkono\u017ece (hmyz a pav\u00fakovce), aj drob\u00e9 stavovce. Skokan zelen\u00fd nie je prav\u00fd druh, z genetick\u00e9ho h\u013eadiska je kr\u00ed\u017eenec skokana rapotav\u00e9ho a skokana kr\u00e1tkonoh\u00e9ho.<\/div>\r\n<\/div>\r\n<!-- \/wp:media-text -->\r\n\r\n<!-- wp:media-text {\"mediaId\":30428,\"mediaLink\":\"https:\/\/daphne.sk\/?attachment_id=30428\",\"mediaType\":\"image\"} \/-->\r\n\r\n<!-- wp:media-text {\"mediaId\":30425,\"mediaLink\":\"https:\/\/daphne.sk\/?attachment_id=30425\",\"mediaType\":\"image\"} -->\r\n<div class=\"wp-block-media-text is-stacked-on-mobile\"><!-- \/wp:media-text -->\r\n\r\n<!-- wp:media-text {\"mediaId\":30428,\"mediaLink\":\"https:\/\/daphne.sk\/?attachment_id=30428\",\"mediaType\":\"image\"} \/-->\r\n\r\n<!-- wp:media-text {\"mediaId\":30425,\"mediaLink\":\"https:\/\/daphne.sk\/?attachment_id=30425\",\"mediaType\":\"image\"} -->\r\n<div class=\"wp-block-media-text is-stacked-on-mobile\">\r\n<figure class=\"wp-block-media-text__media\"><img decoding=\"async\" class=\"alignnone wp-image-34050 size-full\" src=\"https:\/\/daphne.sk\/wp-content\/uploads\/2026\/05\/pexels-denitsa-kireva-2915302-18169902.jpg\" alt=\"\" width=\"1920\" height=\"1280\" srcset=\"https:\/\/daphne.sk\/wp-content\/uploads\/2026\/05\/pexels-denitsa-kireva-2915302-18169902.jpg 1920w, https:\/\/daphne.sk\/wp-content\/uploads\/2026\/05\/pexels-denitsa-kireva-2915302-18169902-300x200.jpg 300w, https:\/\/daphne.sk\/wp-content\/uploads\/2026\/05\/pexels-denitsa-kireva-2915302-18169902-1024x683.jpg 1024w, https:\/\/daphne.sk\/wp-content\/uploads\/2026\/05\/pexels-denitsa-kireva-2915302-18169902-768x512.jpg 768w, https:\/\/daphne.sk\/wp-content\/uploads\/2026\/05\/pexels-denitsa-kireva-2915302-18169902-1536x1024.jpg 1536w\" sizes=\"(max-width: 1920px) 100vw, 1920px\" \/><\/figure>\r\n<p style=\"text-align: right;\">\ud83d\udcf8 Pixabay.com<\/p>\r\n<\/div>\r\n<\/div>\r\n<\/div>\r\n<\/div>\r\n<p data-start=\"1079\" data-end=\"1127\">\u00a0<\/p>\r\n<p data-start=\"1079\" data-end=\"1127\"><strong data-start=\"1083\" data-end=\"1127\">Odpor\u00fa\u010dan\u00e9 aktivity pre verejnos\u0165, u\u010dite\u013eov a \u0161koly:<\/strong><\/p>\r\n<ul data-start=\"1129\" data-end=\"1493\">\r\n<li data-start=\"1129\" data-end=\"1220\">\r\n<p data-start=\"0\" data-end=\"52\">Vyberte sa do pr\u00edrody, pozorujte ju a sk\u00famajte. Svoje n\u00e1lezy, ak je to mo\u017en\u00e9, zaznamenajte do aplik\u00e1cie iNaturalist. T\u00fdmto sp\u00f4sobom prispejete k mapovaniu biodiverzity Bratislavy aj \u010fal\u0161\u00edch lokal\u00edt.<\/p>\r\n<span class=\"TextRun SCXW14215491 BCX2\" lang=\"SK-SK\" xml:lang=\"SK-SK\" data-contrast=\"auto\"><span class=\"NormalTextRun CommentStart CommentHighlightPipeHovered CommentHighlightHovered SCXW14215491 BCX2\">.<a href=\"https:\/\/daphne.sk\/wp-content\/uploads\/2026\/05\/Ako-pouzivat-aplikaciu-iNat_letak.pdf\"><strong> N\u00e1vod na pou\u017e\u00edvanie aplik\u00e1cie iNaturalist.<\/strong> <\/a><\/span><\/span><\/li>\r\n<\/ul>\r\n<!-- \/wp:media-text -->\r\n\r\n<!-- wp:media-text {\"mediaId\":30483,\"mediaLink\":\"https:\/\/daphne.sk\/?attachment_id=30483\",\"mediaType\":\"image\"} -->\r\n<div class=\"wp-block-media-text is-stacked-on-mobile\">\r\n<figure class=\"wp-block-media-text__media\"><img decoding=\"async\" width=\"1024\" height=\"683\" class=\"wp-image-30483 size-full\" src=\"https:\/\/daphne.sk\/wp-content\/uploads\/2025\/03\/hands-2847508_1920-1-1024x683.jpg\" alt=\"\" srcset=\"https:\/\/daphne.sk\/wp-content\/uploads\/2025\/03\/hands-2847508_1920-1-1024x683.jpg 1024w, https:\/\/daphne.sk\/wp-content\/uploads\/2025\/03\/hands-2847508_1920-1-300x200.jpg 300w, https:\/\/daphne.sk\/wp-content\/uploads\/2025\/03\/hands-2847508_1920-1-768x512.jpg 768w, https:\/\/daphne.sk\/wp-content\/uploads\/2025\/03\/hands-2847508_1920-1-1536x1024.jpg 1536w, https:\/\/daphne.sk\/wp-content\/uploads\/2025\/03\/hands-2847508_1920-1.jpg 1920w\" sizes=\"(max-width: 1024px) 100vw, 1024px\" \/><\/figure>\r\n<\/div>\r\n<!-- \/wp:media-text -->\r\n\r\n<!-- wp:paragraph \/-->\r\n\r\n<!-- wp:heading {\"level\":3} \/-->\r\n\r\n<!-- wp:meta-box\/vyberove-clanky {\"id\":\"mb-block-818c0db0-7cba-4300-b67d-8404a8764377\",\"data\":{\"rwmb_cleanup\":[\"[]\"],\"name\":\"vyberove-clanky\",\"canky\":[30433,30540]}} \/-->\r\n\r\n<!-- wp:paragraph -->\r\n<p>Iniciat\u00edva \u017div\u00e1 Bratislava, exkurzie pre verejnos\u0165 a pre \u0161koly sa konaj\u00fa bezplatne v\u00a0r\u00e1mci cezhrani\u010dn\u00e9ho, rak\u00fasko-slovensk\u00e9ho projektu <a href=\"https:\/\/daphne.sk\/projekt\/zapojenie-navstevnikov-do-ochrany-biodiverzity-v-cezhranicnom-regione-slovenska-a-rakuska\/\">Ecovisit SKAT \u2013 Zapojenie n\u00e1v\u0161tevn\u00edkov do ochrany biodiverzity v cezhrani\u010dnom regi\u00f3ne Slovenska a Rak\u00faska<\/a> v r\u00e1mci Programu spolupr\u00e1ce INTERREG VI-A SK-AT, spolufinancovan\u00e9ho z Eur\u00f3pskeho fondu region\u00e1lneho rozvoja.<\/p>\r\n<!-- \/wp:paragraph -->\r\n\r\n<!-- wp:image {\"id\":30552,\"sizeSlug\":\"medium\",\"linkDestination\":\"none\"} -->\r\n<figure class=\"wp-block-image size-medium\"><img decoding=\"async\" width=\"300\" height=\"90\" class=\"wp-image-30552\" src=\"https:\/\/daphne.sk\/wp-content\/uploads\/2025\/03\/Interreg-Logo-Slovakia-Austria-CMYK-Color-02-300x90.png\" alt=\"\" srcset=\"https:\/\/daphne.sk\/wp-content\/uploads\/2025\/03\/Interreg-Logo-Slovakia-Austria-CMYK-Color-02-300x90.png 300w, https:\/\/daphne.sk\/wp-content\/uploads\/2025\/03\/Interreg-Logo-Slovakia-Austria-CMYK-Color-02-1024x308.png 1024w, https:\/\/daphne.sk\/wp-content\/uploads\/2025\/03\/Interreg-Logo-Slovakia-Austria-CMYK-Color-02-768x231.png 768w, https:\/\/daphne.sk\/wp-content\/uploads\/2025\/03\/Interreg-Logo-Slovakia-Austria-CMYK-Color-02-1536x462.png 1536w, https:\/\/daphne.sk\/wp-content\/uploads\/2025\/03\/Interreg-Logo-Slovakia-Austria-CMYK-Color-02.png 1903w\" sizes=\"(max-width: 300px) 100vw, 300px\" \/><\/figure>\r\n<!-- \/wp:image -->\r\n\r\n<!-- wp:image {\"id\":30597,\"sizeSlug\":\"large\",\"linkDestination\":\"none\"} -->\r\n<figure class=\"wp-block-image size-large\"><img decoding=\"async\" width=\"1024\" height=\"122\" class=\"wp-image-30597\" src=\"https:\/\/daphne.sk\/wp-content\/uploads\/2025\/03\/LISTA-ECOVISIT_02-3-1-1024x122.jpg\" alt=\"\" srcset=\"https:\/\/daphne.sk\/wp-content\/uploads\/2025\/03\/LISTA-ECOVISIT_02-3-1-1024x122.jpg 1024w, https:\/\/daphne.sk\/wp-content\/uploads\/2025\/03\/LISTA-ECOVISIT_02-3-1-300x36.jpg 300w, https:\/\/daphne.sk\/wp-content\/uploads\/2025\/03\/LISTA-ECOVISIT_02-3-1-768x91.jpg 768w, https:\/\/daphne.sk\/wp-content\/uploads\/2025\/03\/LISTA-ECOVISIT_02-3-1-1536x182.jpg 1536w, https:\/\/daphne.sk\/wp-content\/uploads\/2025\/03\/LISTA-ECOVISIT_02-3-1.jpg 1920w\" sizes=\"(max-width: 1024px) 100vw, 1024px\" \/><\/figure>\r\n<!-- \/wp:image -->\r\n\r\n<!-- wp:paragraph \/-->","protected":false},"excerpt":{"rendered":"<p>V\u00fdzva na m\u00e1j M\u00e1j prin\u00e1\u0161a jedno z najakt\u00edvnej\u0161\u00edch obdob\u00ed roka. V pr\u00edrode je vidite\u013en\u00e1 vysok\u00e1 druhov\u00e1 pestros\u0165 a intenz\u00edvna aktivita \u017eivo\u010d\u00edchov aj rastl\u00edn. Krajina je pokryt\u00e1 kvitn\u00facou veget\u00e1ciou a z\u00e1rove\u0148 sa v nej odohr\u00e1va mno\u017estvo nen\u00e1padn\u00fdch, ale d\u00f4le\u017eit\u00fdch pr\u00edrodn\u00fdch dejov \u2013 od ope\u013eovania a\u017e po lov a rozmno\u017eovanie. Sledujte, kde sa jednotliv\u00e9 druhy objavuj\u00fa a<\/p>\n","protected":false},"author":16,"featured_media":34050,"comment_status":"closed","ping_status":"open","sticky":false,"template":"","format":"standard","meta":{"_uag_custom_page_level_css":"","_jetpack_memberships_contains_paid_content":false,"footnotes":""},"categories":[3,79,159],"tags":[],"kategoria-bigling":[],"class_list":["post-34038","post","type-post","status-publish","format-standard","has-post-thumbnail","hentry","category-aktuality","category-sk-clanky","category-kategoria-ziva-bratislava"],"jetpack_featured_media_url":"https:\/\/daphne.sk\/wp-content\/uploads\/2026\/05\/pexels-denitsa-kireva-2915302-18169902.jpg","uagb_featured_image_src":{"full":["https:\/\/daphne.sk\/wp-content\/uploads\/2026\/05\/pexels-denitsa-kireva-2915302-18169902.jpg",1920,1280,false],"thumbnail":["https:\/\/daphne.sk\/wp-content\/uploads\/2026\/05\/pexels-denitsa-kireva-2915302-18169902-150x150.jpg",150,150,true],"medium":["https:\/\/daphne.sk\/wp-content\/uploads\/2026\/05\/pexels-denitsa-kireva-2915302-18169902-300x200.jpg",300,200,true],"medium_large":["https:\/\/daphne.sk\/wp-content\/uploads\/2026\/05\/pexels-denitsa-kireva-2915302-18169902-768x512.jpg",768,512,true],"large":["https:\/\/daphne.sk\/wp-content\/uploads\/2026\/05\/pexels-denitsa-kireva-2915302-18169902-1024x683.jpg",1024,683,true],"1536x1536":["https:\/\/daphne.sk\/wp-content\/uploads\/2026\/05\/pexels-denitsa-kireva-2915302-18169902-1536x1024.jpg",1536,1024,true],"2048x2048":["https:\/\/daphne.sk\/wp-content\/uploads\/2026\/05\/pexels-denitsa-kireva-2915302-18169902.jpg",1920,1280,false],"woocommerce_thumbnail":["https:\/\/daphne.sk\/wp-content\/uploads\/2026\/05\/pexels-denitsa-kireva-2915302-18169902-450x450.jpg",450,450,true]},"uagb_author_info":{"display_name":"Daphne","author_link":"https:\/\/daphne.sk\/de\/author\/daphne\/"},"uagb_comment_info":0,"uagb_excerpt":"V\u00fdzva na m\u00e1j M\u00e1j prin\u00e1\u0161a jedno z najakt\u00edvnej\u0161\u00edch obdob\u00ed roka. V pr\u00edrode je vidite\u013en\u00e1 vysok\u00e1 druhov\u00e1 pestros\u0165 a intenz\u00edvna aktivita \u017eivo\u010d\u00edchov aj rastl\u00edn. Krajina je pokryt\u00e1 kvitn\u00facou veget\u00e1ciou a z\u00e1rove\u0148 sa v nej odohr\u00e1va mno\u017estvo nen\u00e1padn\u00fdch, ale d\u00f4le\u017eit\u00fdch pr\u00edrodn\u00fdch dejov \u2013 od ope\u013eovania a\u017e po lov a rozmno\u017eovanie. Sledujte, kde sa jednotliv\u00e9 druhy objavuj\u00fa a","jetpack_sharing_enabled":true,"meta_box":{"canky":false,"feature_image_off":"0"},"_links":{"self":[{"href":"https:\/\/daphne.sk\/de\/wp-json\/wp\/v2\/posts\/34038","targetHints":{"allow":["GET"]}}],"collection":[{"href":"https:\/\/daphne.sk\/de\/wp-json\/wp\/v2\/posts"}],"about":[{"href":"https:\/\/daphne.sk\/de\/wp-json\/wp\/v2\/types\/post"}],"author":[{"embeddable":true,"href":"https:\/\/daphne.sk\/de\/wp-json\/wp\/v2\/users\/16"}],"replies":[{"embeddable":true,"href":"https:\/\/daphne.sk\/de\/wp-json\/wp\/v2\/comments?post=34038"}],"version-history":[{"count":6,"href":"https:\/\/daphne.sk\/de\/wp-json\/wp\/v2\/posts\/34038\/revisions"}],"predecessor-version":[{"id":34066,"href":"https:\/\/daphne.sk\/de\/wp-json\/wp\/v2\/posts\/34038\/revisions\/34066"}],"wp:featuredmedia":[{"embeddable":true,"href":"https:\/\/daphne.sk\/de\/wp-json\/wp\/v2\/media\/34050"}],"wp:attachment":[{"href":"https:\/\/daphne.sk\/de\/wp-json\/wp\/v2\/media?parent=34038"}],"wp:term":[{"taxonomy":"category","embeddable":true,"href":"https:\/\/daphne.sk\/de\/wp-json\/wp\/v2\/categories?post=34038"},{"taxonomy":"post_tag","embeddable":true,"href":"https:\/\/daphne.sk\/de\/wp-json\/wp\/v2\/tags?post=34038"},{"taxonomy":"kategoria-bigling","embeddable":true,"href":"https:\/\/daphne.sk\/de\/wp-json\/wp\/v2\/kategoria-bigling?post=34038"}],"curies":[{"name":"wp","href":"https:\/\/api.w.org\/{rel}","templated":true}]}}