{"id":34370,"date":"2026-05-21T18:22:47","date_gmt":"2026-05-21T18:22:47","guid":{"rendered":"https:\/\/daphne.sk\/?p=34370"},"modified":"2026-05-21T18:25:10","modified_gmt":"2026-05-21T18:25:10","slug":"biobranie-2026-mgr-anna-beresova-phd","status":"publish","type":"post","link":"https:\/\/daphne.sk\/de\/biobranie-2026-mgr-anna-beresova-phd\/","title":{"rendered":"BIOBRANIE 2026 - Mgr. Anna B\u00e9re\u0161ov\u00e1, PhD."},"content":{"rendered":"<p class=\"isSelectedEnd\">Na <a href=\"https:\/\/daphne.sk\/pre-verejnost-2\/\"><strong>BIOBRAN\u00cd 2026<\/strong><\/a> stretnete aj vedky\u0148u, ktor\u00e1 v\u00e1m uk\u00e1\u017ee, \u017ee aj nen\u00e1padn\u00e9 li\u0161ajn\u00edky dok\u00e1\u017eu rozpr\u00e1va\u0165 ve\u013ek\u00fd pr\u00edbeh o pr\u00edrode, evol\u00facii a kvalite \u017eivotn\u00e9ho prostredia.\u00a0<\/p>\r\n<p class=\"isSelectedEnd\"><a href=\"https:\/\/www.sav.sk\/?lang=sk&amp;doc=user-org-user&amp;user_no=1998\"><strong>Anna B\u00e9re\u0161ov\u00e1<\/strong> <\/a>p\u00f4sob\u00ed v <a href=\"https:\/\/cbrb.sav.sk\/\"><strong>Centre biol\u00f3gie rastl\u00edn a biodiverzity SAV<\/strong><\/a> v Laborat\u00f3riu evolu\u010dn\u00fdch mechanizmov a environment\u00e1lnych interakci\u00ed. Vo svojom v\u00fdskume sa venuje li\u0161ajn\u00edkom \u2013 fascinuj\u00facim organizmom vznikaj\u00facim spolu\u017eit\u00edm h\u00fab a rias alebo sin\u00edc. Pr\u00e1ve prostredn\u00edctvom nich sk\u00fama, ako organizmy reaguj\u00fa na klimatick\u00fa zmenu, zmeny prostredia \u010di \u00fabytok biodiverzity.<\/p>\r\n<p data-start=\"0\" data-end=\"357\"><img decoding=\"async\" class=\"alignnone wp-image-34379 size-full\" src=\"https:\/\/daphne.sk\/wp-content\/uploads\/2026\/05\/ANNA-BERESOVA_MEDAILONIK_BANNER.jpg\" alt=\"\" width=\"1752\" height=\"537\" srcset=\"https:\/\/daphne.sk\/wp-content\/uploads\/2026\/05\/ANNA-BERESOVA_MEDAILONIK_BANNER.jpg 1752w, https:\/\/daphne.sk\/wp-content\/uploads\/2026\/05\/ANNA-BERESOVA_MEDAILONIK_BANNER-300x92.jpg 300w, https:\/\/daphne.sk\/wp-content\/uploads\/2026\/05\/ANNA-BERESOVA_MEDAILONIK_BANNER-1024x314.jpg 1024w, https:\/\/daphne.sk\/wp-content\/uploads\/2026\/05\/ANNA-BERESOVA_MEDAILONIK_BANNER-768x235.jpg 768w, https:\/\/daphne.sk\/wp-content\/uploads\/2026\/05\/ANNA-BERESOVA_MEDAILONIK_BANNER-1536x471.jpg 1536w\" sizes=\"(max-width: 1752px) 100vw, 1752px\" \/><\/p>\r\n<p class=\"isSelectedEnd\">Vo svojej pr\u00e1ci sa zameriava na evolu\u010dn\u00fa hist\u00f3riu, roz\u0161\u00edrenie a biodiverzitu li\u0161ajn\u00edkov. Sk\u00fama, ako sa jednotliv\u00e9 druhy prisp\u00f4sobuj\u00fa prostrediu a \u010do n\u00e1m m\u00f4\u017eu prezradi\u0165 o fungovan\u00ed ekosyst\u00e9mov \u010di hist\u00f3rii krajiny.<\/p>\r\n<p data-start=\"782\" data-end=\"1075\"><img decoding=\"async\" class=\"alignnone wp-image-34383 size-full\" src=\"https:\/\/daphne.sk\/wp-content\/uploads\/2026\/05\/Cladonia-coccifera-1.jpg\" alt=\"\" width=\"1920\" height=\"1440\" srcset=\"https:\/\/daphne.sk\/wp-content\/uploads\/2026\/05\/Cladonia-coccifera-1.jpg 1920w, https:\/\/daphne.sk\/wp-content\/uploads\/2026\/05\/Cladonia-coccifera-1-300x225.jpg 300w, https:\/\/daphne.sk\/wp-content\/uploads\/2026\/05\/Cladonia-coccifera-1-1024x768.jpg 1024w, https:\/\/daphne.sk\/wp-content\/uploads\/2026\/05\/Cladonia-coccifera-1-768x576.jpg 768w, https:\/\/daphne.sk\/wp-content\/uploads\/2026\/05\/Cladonia-coccifera-1-1536x1152.jpg 1536w\" sizes=\"(max-width: 1920px) 100vw, 1920px\" \/><\/p>\r\n<p data-start=\"1077\" data-end=\"1357\"><em>Cladonia coccifera<\/em>, Foto Anna B\u00e9re\u0161ov\u00e1<\/p>\r\n<p class=\"isSelectedEnd\">Popri v\u00fdskume sa intenz\u00edvne venuje aj populariz\u00e1cii vedy a ob\u010dianskej vede. Spolupracuje na projekte iNaturalist \u201eLi\u0161ajn\u00edky Slovenska \u2013 Lichens of Slovakia\u201c, ktor\u00fd prep\u00e1ja vedcov, \u0161tudentov aj milovn\u00edkov pr\u00edrody pri mapovan\u00ed v\u00fdskytu li\u0161ajn\u00edkov na Slovensku. V projekte sa venuje ur\u010dovaniu druhov, dokument\u00e1cii biodiverzity a populariz\u00e1cii lichenol\u00f3gie. Z\u00e1rove\u0148 sa podie\u013ea aj na aktivit\u00e1ch skupiny KLADONIA, ktor\u00e1 organizuje pr\u00edrodovedn\u00e9 vych\u00e1dzky a ter\u00e9nne exkurzie zameran\u00e9 na pozn\u00e1vanie li\u0161ajn\u00edkov.<\/p>\r\n<p data-start=\"1359\" data-end=\"1857\"><img decoding=\"async\" class=\"isSelectedEnd\" src=\"https:\/\/daphne.sk\/wp-content\/uploads\/2026\/05\/Thamnolia-vermicularis.jpg\" alt=\"\" width=\"1920\" height=\"1440\" \/><\/p>\r\n<p data-start=\"1359\" data-end=\"1857\"><em>Thamnolia vermicularis<\/em>, Foto Anna B\u00e9re\u0161ov\u00e1<\/p>\r\n<p class=\"isSelectedEnd\">Na BIOBRAN\u00cd 2026 budete m\u00f4c\u0165 objavi\u0165 fascinuj\u00faci svet organizmov, ktor\u00e9 si \u010dasto ani nev\u0161imneme, no pritom s\u00fa d\u00f4le\u017eit\u00fdmi indik\u00e1tormi kvality \u017eivotn\u00e9ho prostredia a cenn\u00fdm zdrojom inform\u00e1ci\u00ed o zmene krajiny a biodiverzity.<\/p>\r\n<p data-start=\"1359\" data-end=\"1857\"><img decoding=\"async\" class=\"alignnone wp-image-34373 size-full\" src=\"https:\/\/daphne.sk\/wp-content\/uploads\/2026\/05\/IMG_0730-kopia-2.jpg\" alt=\"\" width=\"1600\" height=\"1066\" srcset=\"https:\/\/daphne.sk\/wp-content\/uploads\/2026\/05\/IMG_0730-kopia-2.jpg 1600w, https:\/\/daphne.sk\/wp-content\/uploads\/2026\/05\/IMG_0730-kopia-2-300x200.jpg 300w, https:\/\/daphne.sk\/wp-content\/uploads\/2026\/05\/IMG_0730-kopia-2-1024x682.jpg 1024w, https:\/\/daphne.sk\/wp-content\/uploads\/2026\/05\/IMG_0730-kopia-2-768x512.jpg 768w, https:\/\/daphne.sk\/wp-content\/uploads\/2026\/05\/IMG_0730-kopia-2-1536x1023.jpg 1536w\" sizes=\"(max-width: 1600px) 100vw, 1600px\" \/><\/p>\r\n<p data-start=\"1859\" data-end=\"2282\">Mgr. Anna B\u00e9re\u0161ov\u00e1, PhD.<\/p>\r\n<p>V\u0161etk\u00fdch v\u00e1s poz\u00fdvame na BIOBRANIE 2026, ktor\u00e9 sa uskuto\u010dn\u00ed 22. a 23. m\u00e1ja 2026 pri Ve\u013ekom Dra\u017ediaku v Petr\u017ealke. Po\u010das dvoch dn\u00ed budete m\u00f4c\u0165 stretn\u00fa\u0165 vedcov a odborn\u00edkov priamo v ter\u00e9ne, zapoji\u0165 sa do mapovania biodiverzity a objavova\u0165 fascinuj\u00faci svet pr\u00edrody okolo n\u00e1s.\u00a0<\/p>\r\n<p data-start=\"3014\" data-end=\"3067\"><a href=\"https:\/\/www.bing.com\/maps\/search?mepi=58%7E%7EEmbedded%7ELargeMapLink&amp;ty=18&amp;v=2&amp;sV=1&amp;qpvt=48.1096744N%2C+17.1182669E&amp;FORM=MIRE&amp;style=r&amp;q=48.1067%2C+17.1108&amp;cp=48.106701%7E17.110800&amp;lvl=16\"><span style=\"color: #ff0000;\">\ud83d\udccd Ve\u013ek\u00fd Dra\u017ediak, Petr\u017ealka<\/span><\/a><\/p>\r\n<p data-start=\"3014\" data-end=\"3067\"><a class=\"a_GcMg font-feature-liga-off font-feature-clig-off font-feature-calt-off text-decoration-underline text-strikethrough-none\" draggable=\"false\" href=\"https:\/\/www.bing.com\/maps\/search?mepi=58%7E%7EEmbedded%7ELargeMapLink&amp;ty=18&amp;v=2&amp;sV=1&amp;qpvt=48.1096744N%2C+17.1182669E&amp;FORM=MIRE&amp;style=r&amp;q=48.1067%2C+17.1108&amp;cp=48.106701%7E17.110800&amp;lvl=16\" target=\"_blank\" rel=\"noopener\">48.1067681, 17.1108255<\/a><\/p>\r\n<p data-start=\"3014\" data-end=\"3067\">\ud83d\uddd3\ufe0f 22. \u2013 23. m\u00e1j 2026<\/p>\r\n<p><a href=\"https:\/\/daphne.sk\/wp-content\/uploads\/2026\/05\/A4_BIOBRANIE.pdf\"><strong><span style=\"color: #ff0000;\">PROGRAM_plag\u00e1t na stiahnutie v pdf.<\/span><\/strong><\/a><\/p>\r\n<p data-start=\"3014\" data-end=\"3067\">\u00a0<\/p>\r\n<figure class=\"wp-block-image size-large\"><\/figure>\r\n<!-- \/wp:post-content -->\r\n\r\n<!-- wp:paragraph \/-->","protected":false},"excerpt":{"rendered":"<p>Na BIOBRAN\u00cd 2026 stretnete aj vedky\u0148u, ktor\u00e1 v\u00e1m uk\u00e1\u017ee, \u017ee aj nen\u00e1padn\u00e9 li\u0161ajn\u00edky dok\u00e1\u017eu rozpr\u00e1va\u0165 ve\u013ek\u00fd pr\u00edbeh o pr\u00edrode, evol\u00facii a kvalite \u017eivotn\u00e9ho prostredia.\u00a0 Anna B\u00e9re\u0161ov\u00e1 p\u00f4sob\u00ed v Centre biol\u00f3gie rastl\u00edn a biodiverzity SAV v Laborat\u00f3riu evolu\u010dn\u00fdch mechanizmov a environment\u00e1lnych interakci\u00ed. Vo svojom v\u00fdskume sa venuje li\u0161ajn\u00edkom \u2013 fascinuj\u00facim organizmom vznikaj\u00facim spolu\u017eit\u00edm h\u00fab a rias<\/p>\n","protected":false},"author":16,"featured_media":34381,"comment_status":"closed","ping_status":"open","sticky":false,"template":"","format":"standard","meta":{"_uag_custom_page_level_css":"","_jetpack_newsletter_access":"","_jetpack_dont_email_post_to_subs":false,"_jetpack_newsletter_tier_id":0,"_jetpack_memberships_contains_paywalled_content":false,"_jetpack_feature_clip_id":0,"_jetpack_memberships_contains_paid_content":false,"footnotes":"","jetpack_post_was_ever_published":false},"categories":[3,79,159],"tags":[],"kategoria-bigling":[],"class_list":["post-34370","post","type-post","status-publish","format-standard","has-post-thumbnail","hentry","category-aktuality","category-sk-clanky","category-kategoria-ziva-bratislava"],"jetpack_featured_media_url":"https:\/\/daphne.sk\/wp-content\/uploads\/2026\/05\/Mgr.-Anna-Beresova-PhD.jpg","uagb_featured_image_src":{"full":["https:\/\/daphne.sk\/wp-content\/uploads\/2026\/05\/Mgr.-Anna-Beresova-PhD.jpg",1920,1353,false],"thumbnail":["https:\/\/daphne.sk\/wp-content\/uploads\/2026\/05\/Mgr.-Anna-Beresova-PhD-150x150.jpg",150,150,true],"medium":["https:\/\/daphne.sk\/wp-content\/uploads\/2026\/05\/Mgr.-Anna-Beresova-PhD-300x211.jpg",300,211,true],"medium_large":["https:\/\/daphne.sk\/wp-content\/uploads\/2026\/05\/Mgr.-Anna-Beresova-PhD-768x541.jpg",768,541,true],"large":["https:\/\/daphne.sk\/wp-content\/uploads\/2026\/05\/Mgr.-Anna-Beresova-PhD-1024x722.jpg",1024,722,true],"1536x1536":["https:\/\/daphne.sk\/wp-content\/uploads\/2026\/05\/Mgr.-Anna-Beresova-PhD-1536x1082.jpg",1536,1082,true],"2048x2048":["https:\/\/daphne.sk\/wp-content\/uploads\/2026\/05\/Mgr.-Anna-Beresova-PhD.jpg",1920,1353,false],"woocommerce_thumbnail":["https:\/\/daphne.sk\/wp-content\/uploads\/2026\/05\/Mgr.-Anna-Beresova-PhD-450x450.jpg",450,450,true]},"uagb_author_info":{"display_name":"Daphne","author_link":"https:\/\/daphne.sk\/de\/author\/daphne\/"},"uagb_comment_info":0,"uagb_excerpt":"Na BIOBRAN\u00cd 2026 stretnete aj vedky\u0148u, ktor\u00e1 v\u00e1m uk\u00e1\u017ee, \u017ee aj nen\u00e1padn\u00e9 li\u0161ajn\u00edky dok\u00e1\u017eu rozpr\u00e1va\u0165 ve\u013ek\u00fd pr\u00edbeh o pr\u00edrode, evol\u00facii a kvalite \u017eivotn\u00e9ho prostredia.\u00a0 Anna B\u00e9re\u0161ov\u00e1 p\u00f4sob\u00ed v Centre biol\u00f3gie rastl\u00edn a biodiverzity SAV v Laborat\u00f3riu evolu\u010dn\u00fdch mechanizmov a environment\u00e1lnych interakci\u00ed. Vo svojom v\u00fdskume sa venuje li\u0161ajn\u00edkom \u2013 fascinuj\u00facim organizmom vznikaj\u00facim spolu\u017eit\u00edm h\u00fab a rias","jetpack_sharing_enabled":true,"meta_box":{"canky":false,"feature_image_off":"0"},"_links":{"self":[{"href":"https:\/\/daphne.sk\/de\/wp-json\/wp\/v2\/posts\/34370","targetHints":{"allow":["GET"]}}],"collection":[{"href":"https:\/\/daphne.sk\/de\/wp-json\/wp\/v2\/posts"}],"about":[{"href":"https:\/\/daphne.sk\/de\/wp-json\/wp\/v2\/types\/post"}],"author":[{"embeddable":true,"href":"https:\/\/daphne.sk\/de\/wp-json\/wp\/v2\/users\/16"}],"replies":[{"embeddable":true,"href":"https:\/\/daphne.sk\/de\/wp-json\/wp\/v2\/comments?post=34370"}],"version-history":[{"count":3,"href":"https:\/\/daphne.sk\/de\/wp-json\/wp\/v2\/posts\/34370\/revisions"}],"predecessor-version":[{"id":34387,"href":"https:\/\/daphne.sk\/de\/wp-json\/wp\/v2\/posts\/34370\/revisions\/34387"}],"wp:featuredmedia":[{"embeddable":true,"href":"https:\/\/daphne.sk\/de\/wp-json\/wp\/v2\/media\/34381"}],"wp:attachment":[{"href":"https:\/\/daphne.sk\/de\/wp-json\/wp\/v2\/media?parent=34370"}],"wp:term":[{"taxonomy":"category","embeddable":true,"href":"https:\/\/daphne.sk\/de\/wp-json\/wp\/v2\/categories?post=34370"},{"taxonomy":"post_tag","embeddable":true,"href":"https:\/\/daphne.sk\/de\/wp-json\/wp\/v2\/tags?post=34370"},{"taxonomy":"kategoria-bigling","embeddable":true,"href":"https:\/\/daphne.sk\/de\/wp-json\/wp\/v2\/kategoria-bigling?post=34370"}],"curies":[{"name":"wp","href":"https:\/\/api.w.org\/{rel}","templated":true}]}}